{"id":1004,"date":"2014-07-14T13:43:19","date_gmt":"2014-07-14T11:43:19","guid":{"rendered":"http:\/\/www.phantasiewerkstatt-bogen.de\/?p=1004"},"modified":"2026-03-30T15:59:37","modified_gmt":"2026-03-30T13:59:37","slug":"mehrweg","status":"publish","type":"post","link":"http:\/\/www.phantasiewerkstatt-bogen.de\/?p=1004","title":{"rendered":"&#8222;MEHRWEG&#8220; daria &#038; vero wendland"},"content":{"rendered":"<p>Ausstellung \u201eMehrweg\u201c von Daria und Vero Wendland<\/p>\n<p>Ab dem 18. Juli 2014 sind in der Galerie Goldnuss in Bogen die Kunstwerke<\/p>\n<p>von den M\u00fcnchner K\u00fcnstlern Vero und Daria Wendland zu besichtigen.<\/p>\n<p><span style=\"text-decoration: underline;\">VERNISSAGE : 18.07.2014 19:00 UHR<\/span><\/p>\n<p>MUSIK : WINDBERG &amp; REINER W\u00dcRZINGER<\/p>\n<p>https:\/\/www.facebook.com\/events\/291189351045032\/<\/p>\n<p>&nbsp;<\/p>\n<p>Seitdem die beiden Schwestern ihr Studium im Jahr 2011 und 2012<br \/>\nan der M\u00fcnchner Kunstakademie abgeschlossen haben, arbeiten sie<br \/>\nmit Schwerpunkt Malerei, Keramik und Installation.<br \/>\nUnter dem Titel \u201eMehrweg\u201c zeigen sie ihre neuen gro\u00dfformatigen Bilder<br \/>\nund Keramikobjekte, die auch auf ihrer Internetseite zu sehen sind:<\/p>\n<p>www.art-visuals.de&nbsp;<img decoding=\"async\" loading=\"lazy\" class=\"alignright size-medium wp-image-1006\" alt=\"vero-wendland-hell-filtered\" src=\"http:\/\/www.phantasiewerkstatt-bogen.de\/wp-content\/uploads\/2014\/07\/vero-wendland-hell-filtered-238x300.jpg\" width=\"238\" height=\"300\" srcset=\"http:\/\/www.phantasiewerkstatt-bogen.de\/wp-content\/uploads\/2014\/07\/vero-wendland-hell-filtered-238x300.jpg 238w, http:\/\/www.phantasiewerkstatt-bogen.de\/wp-content\/uploads\/2014\/07\/vero-wendland-hell-filtered-210x264.jpg 210w, http:\/\/www.phantasiewerkstatt-bogen.de\/wp-content\/uploads\/2014\/07\/vero-wendland-hell-filtered.jpg 365w\" sizes=\"(max-width: 238px) 100vw, 238px\" \/><\/p>\n<p>Die Objekte von Daria Wendland sind eine humorvolle und kontrastvolle Synthese aus Keramik und industriellem Kunststoff.<br \/>\nDurch die paradoxe Verbindung des Keramikgef\u00e4\u00dfes mit Implantaten aus bunten industriellen Plastikflaschen, entsteht ein \u00e4sthetisches und gleichzeitig groteskes Objekt mit \u201emehr Wegen\u201c als notwendig, ad\u00e4quat zum heutigen<br \/>\nverschwenderischen Lebensstil.<\/p>\n<p>Die Malerei von Vero Wendland hat einen abstrakten, gegenstandslosen Charakter mit dem Fokus auf Farbe. Es entsteht eine visuelle R\u00e4umlichkeit nur mittels Farbe ohne Verwendung von narrativen, symbolischen oder gegenst\u00e4ndlichen Mitteln. Die Komposition ist reduziert auf runde, gestische<br \/>\nund kompakte Farbformen, welche &#8211; \u00e4hnlich wie gro\u00dfe und kleine Gef\u00e4\u00dfe oder Becken &#8211; die Farbmengen aufnehmen, aufbewahren und vergie\u00dfen.<\/p>\n<p>&nbsp;<\/p>\n<p>&nbsp;<\/p>\n","protected":false},"excerpt":{"rendered":"<p>Ausstellung \u201eMehrweg\u201c von Daria und Vero Wendland Ab dem 18. Juli 2014 sind in der Galerie Goldnuss in Bogen die Kunstwerke von den M\u00fcnchner K\u00fcnstlern Vero und Daria Wendland zu besichtigen. VERNISSAGE : 18.07.2014 19:00 UHR MUSIK : WINDBERG &amp;<\/p>\n","protected":false},"author":1,"featured_media":1005,"comment_status":"closed","ping_status":"open","sticky":true,"template":"","format":"standard","meta":[],"categories":[14],"tags":[],"_links":{"self":[{"href":"http:\/\/www.phantasiewerkstatt-bogen.de\/index.php?rest_route=\/wp\/v2\/posts\/1004"}],"collection":[{"href":"http:\/\/www.phantasiewerkstatt-bogen.de\/index.php?rest_route=\/wp\/v2\/posts"}],"about":[{"href":"http:\/\/www.phantasiewerkstatt-bogen.de\/index.php?rest_route=\/wp\/v2\/types\/post"}],"author":[{"embeddable":true,"href":"http:\/\/www.phantasiewerkstatt-bogen.de\/index.php?rest_route=\/wp\/v2\/users\/1"}],"replies":[{"embeddable":true,"href":"http:\/\/www.phantasiewerkstatt-bogen.de\/index.php?rest_route=%2Fwp%2Fv2%2Fcomments&post=1004"}],"version-history":[{"count":3,"href":"http:\/\/www.phantasiewerkstatt-bogen.de\/index.php?rest_route=\/wp\/v2\/posts\/1004\/revisions"}],"predecessor-version":[{"id":1500,"href":"http:\/\/www.phantasiewerkstatt-bogen.de\/index.php?rest_route=\/wp\/v2\/posts\/1004\/revisions\/1500"}],"wp:featuredmedia":[{"embeddable":true,"href":"http:\/\/www.phantasiewerkstatt-bogen.de\/index.php?rest_route=\/wp\/v2\/media\/1005"}],"wp:attachment":[{"href":"http:\/\/www.phantasiewerkstatt-bogen.de\/index.php?rest_route=%2Fwp%2Fv2%2Fmedia&parent=1004"}],"wp:term":[{"taxonomy":"category","embeddable":true,"href":"http:\/\/www.phantasiewerkstatt-bogen.de\/index.php?rest_route=%2Fwp%2Fv2%2Fcategories&post=1004"},{"taxonomy":"post_tag","embeddable":true,"href":"http:\/\/www.phantasiewerkstatt-bogen.de\/index.php?rest_route=%2Fwp%2Fv2%2Ftags&post=1004"}],"curies":[{"name":"wp","href":"https:\/\/api.w.org\/{rel}","templated":true}]}}