{"id":101,"date":"2012-08-03T20:43:23","date_gmt":"2012-08-03T18:43:23","guid":{"rendered":"http:\/\/www.phantasiewerkstatt-bogen.de\/?p=101"},"modified":"2012-11-19T17:43:48","modified_gmt":"2012-11-19T16:43:48","slug":"wappenfahnen-auf-dem-bogenberg","status":"publish","type":"post","link":"http:\/\/www.phantasiewerkstatt-bogen.de\/?p=101","title":{"rendered":"WAPPENFAHNEN AUF DEM BOGENBERG"},"content":{"rendered":"<p><strong>14.07.2012 (jh) 33 Fahnen \u2013 aufgeh\u00e4ngt an der Fassade des Kreisheimatmuseums auf dem Bogenberg \u2013 geben ein Abbild des Landkreises Straubing-Bogen. Alle Grundschulen des Landkreises haben im Rahmen eines museumsp\u00e4dagogischen Projekts ihren Heimatort auf einer solchen Fahne k\u00fcnstlerisch dargestellt. Die Sammlung wurde am Freitag dem Landkreis anl\u00e4sslich seines 40-j\u00e4hrigen Jubil\u00e4ums \u00fcbergeben.<\/strong><\/p>\n<p>\u201eDie Fahnen spiegeln die Vielfalt der Schullandschaft mit ihren typischen Wesensz\u00fcgen wider\u201c, sagte Schulamtsdirektor Johannes M\u00fcller. In einem kurzen R\u00fcckblick erinnerte er dran, dass der Landkreisreform 1972 ein neues Volksschulegesetz vorausgegangen war. So wurde etwa im Jahr der Landkreisgr\u00fcndung die letze einklassige Volksschule Hinterdegenberg aufgel\u00f6st und in den Sprengel Schwarzach einbezogen.<\/p>\n<p>Die bunten Fahnen der Orte und Schulen w\u00fcrden nach Ansicht M\u00fcllers den Gemeinwillen in aller Individualit\u00e4t Ausdruck verleihen. Dass dies m\u00f6glich wurde, sei vielen helfenden H\u00e4nden zu verdanken. Dazu z\u00e4hlte er auch Altschulrat Herbert Schedlbauer, die Museumsleiterin Barbara Michal und den k\u00fcnstlerischen Leiter des Projektes Georg Fuchssteiner, letztendlich aber auch die gro\u00dfe \u201eSchulfamilie\u201c.<\/p>\n<p><img decoding=\"async\" loading=\"lazy\" title=\"Fahnen f\u00fcr den Landkreis\" src=\"http:\/\/www.regio-aktuell24.de\/cms\/upload\/2012\/2012-07\/2012-07-13_01-300.jpg\" alt=\"regio-aktuell24\" width=\"300\" height=\"480\" align=\"right\" border=\"1\" \/>Das museumsp\u00e4dagogische Projekt verbindet die Rautenausstellung des Kreismuseums Bogenberg mit k\u00fcnstlerischen Aktivit\u00e4ten der Schulkinder im Rahmen des Kunstunterrichts. Barbara Michal hatte im Vorfeld der Aktion im Rahmen einer Lehrerfortbildung den Lehrkr\u00e4ften heraldische Gestaltungsprinzipien von Bildzeichen vorgestellt. Georg Fuchssteiner, der zugleich auch Leiter der neuen Bogener Phantasiewerkstatt ist, hatte sich daraufhin auch f\u00fcr die \u00dcbernahme der k\u00fcnstlerischen Leitung des Projekts bereiterkl\u00e4rt.<\/p>\n<p>Ziel des Projektes war nach Auskunft Barbara Michals den Schulkindern Inhalte des Kreismuseums kindgerecht zu vermitteln, k\u00fcnstlerische Aktivit\u00e4ten und Auseinandersetzungen mit der Regionalgeschichte anzuregen sowie dem Landkreis zum 40. Geburtstag ein buntes, vielgestaltetes Geschenk zu machen. Letztendlich hatten sich alle Grundschulen des Landkreises an dieser Aktion beteiligt. \u201eDie Sch\u00fcler haben auf alle F\u00e4lle einen Bezug zum Heimatmuseum bekommen\u201c, zog die Museumsleiterin als Fazit.<\/p>\n<p>F\u00fcr die stellvertretende Landr\u00e4tin Christa Heisinger ist es bemerkenswert, dass aus allen Teilen des Landkreises Beitr\u00e4ge geliefert worden seien. Vom Ideenreichtum, den die Sch\u00fcler eingebracht hatten, war sie eigenen Angaben zufolge sehr \u00fcberrascht. Auch Bogens B\u00fcrgermeister Franz Schedlbauer lobte: \u201eIhr habt gro\u00dfartiges geleistet!\u201c<\/p>\n<p>Quelle:\u00a0<a href=\"http:\/\/www.regio-aktuell24.de\/archiv\/3239_grundschueler-beschenken-landkreis-mit-bunten-fahnen.html\" target=\"_blank\">http:\/\/www.regio-aktuell24.de\/<wbr>archiv\/3239_grundschueler-<wbr>beschenken-landkreis-mit-<wbr>bunten-fahnen.html<\/wbr><\/wbr><\/wbr><\/a><\/p>\n<p>Text mit freundlicher Erlaubins von Johann Haas<\/p>\n<p>siehe auch: <strong><a href=\"http:\/\/www.idowa.de\/lokales\/polizeimeldungen\/artikel\/2012\/07\/15\/lasst-fahnen-wehen-zum-landkreisjubilaeum.html\" rel=\"nofollow\" target=\"_blank\">\u201eLasst Fahnen wehen zum Landkreisjubil\u00e4um\u201c<\/a><\/strong><\/p>\n","protected":false},"excerpt":{"rendered":"<p>14.07.2012 (jh) 33 Fahnen \u2013 aufgeh\u00e4ngt an der Fassade des Kreisheimatmuseums auf dem Bogenberg \u2013 geben ein Abbild des Landkreises Straubing-Bogen. Alle Grundschulen des Landkreises haben im Rahmen eines museumsp\u00e4dagogischen Projekts ihren Heimatort auf einer solchen Fahne k\u00fcnstlerisch dargestellt. Die<\/p>\n","protected":false},"author":1,"featured_media":107,"comment_status":"closed","ping_status":"open","sticky":false,"template":"","format":"standard","meta":[],"categories":[16],"tags":[],"_links":{"self":[{"href":"http:\/\/www.phantasiewerkstatt-bogen.de\/index.php?rest_route=\/wp\/v2\/posts\/101"}],"collection":[{"href":"http:\/\/www.phantasiewerkstatt-bogen.de\/index.php?rest_route=\/wp\/v2\/posts"}],"about":[{"href":"http:\/\/www.phantasiewerkstatt-bogen.de\/index.php?rest_route=\/wp\/v2\/types\/post"}],"author":[{"embeddable":true,"href":"http:\/\/www.phantasiewerkstatt-bogen.de\/index.php?rest_route=\/wp\/v2\/users\/1"}],"replies":[{"embeddable":true,"href":"http:\/\/www.phantasiewerkstatt-bogen.de\/index.php?rest_route=%2Fwp%2Fv2%2Fcomments&post=101"}],"version-history":[{"count":12,"href":"http:\/\/www.phantasiewerkstatt-bogen.de\/index.php?rest_route=\/wp\/v2\/posts\/101\/revisions"}],"predecessor-version":[{"id":109,"href":"http:\/\/www.phantasiewerkstatt-bogen.de\/index.php?rest_route=\/wp\/v2\/posts\/101\/revisions\/109"}],"wp:featuredmedia":[{"embeddable":true,"href":"http:\/\/www.phantasiewerkstatt-bogen.de\/index.php?rest_route=\/wp\/v2\/media\/107"}],"wp:attachment":[{"href":"http:\/\/www.phantasiewerkstatt-bogen.de\/index.php?rest_route=%2Fwp%2Fv2%2Fmedia&parent=101"}],"wp:term":[{"taxonomy":"category","embeddable":true,"href":"http:\/\/www.phantasiewerkstatt-bogen.de\/index.php?rest_route=%2Fwp%2Fv2%2Fcategories&post=101"},{"taxonomy":"post_tag","embeddable":true,"href":"http:\/\/www.phantasiewerkstatt-bogen.de\/index.php?rest_route=%2Fwp%2Fv2%2Ftags&post=101"}],"curies":[{"name":"wp","href":"https:\/\/api.w.org\/{rel}","templated":true}]}}