{"id":1072,"date":"2014-11-02T14:59:13","date_gmt":"2014-11-02T13:59:13","guid":{"rendered":"http:\/\/www.phantasiewerkstatt-bogen.de\/?p=1072"},"modified":"2014-11-02T14:59:13","modified_gmt":"2014-11-02T13:59:13","slug":"neue-saiten-elisabeth-wieser-veit-kowald","status":"publish","type":"post","link":"http:\/\/www.phantasiewerkstatt-bogen.de\/?p=1072","title":{"rendered":"NEUE SAITEN elisabeth wieser &#038; veit kowald"},"content":{"rendered":"<p><strong>Die Vernissage findet am 07.11.2014 um 19:00 in der Dollmannstr.11 statt. <\/strong><\/p>\n<p>&nbsp;<\/p>\n<p><span style=\"text-decoration: underline;\">Mystische Skulpturen- und Rauminstallation in Bogen<\/span><\/p>\n<p>Dass Bogen nicht nur die Heimat der Rautenwappens sonder auch f\u00fcr zeitgen\u00f6ssische Kunst ist, wird im November wieder einmal in der Galerie Goldnu\u00df unter Beweis gestellt. Die Organisatoren der Phantasiewerkstatt Georg Fuchssteiner, Fiona Ebner und Peter Herr haben das in M\u00fcnchen ans\u00e4ssige K\u00fcnstlerpaar Elisabeth Wieser und Veit Kowald eingeladen.<\/p>\n<p>Erst durch die Einladung zu einer Ausstellung wurde das Zusammenarbeiten bzw. das Zusammenspiel der beiden angeregt und f\u00fchrte zu eine Ausseinandersetzung auch auf k\u00fcnstlerischer Ebene. Wiesers Kulissenhafte Raumwelten, die sich mit Einblick und dem Ausblick genauso wie mit der Frage ob man nun innerhalb oder au\u00dferhalb des Raumes ist besch\u00e4ftigen, werden auf Veit Kowalds symbolisch-figurative Bildwelten treffen.<\/p>\n<p>&nbsp;<\/p>\n<p>Es ist geplant die Galerier\u00e4ume zu verdunkeln und eine B\u00fchne zu erschaffen, auf der die Objekte durch Licht und Schatten inszeniert in einen orakelhaften Dialog gesetzt werden und es dem Betrachter erlauben narrativ teilzuhaben. Das Objekt wird nicht in der Galerie gezeigt, sondern der Galerieraum wird zu wird zum Objekt, einer Gemeinschaftsarbeit.<\/p>\n<p>&nbsp;<\/p>\n<p>Da die Kunstwerke erst\u00a0 noch vor Ort in der Galerie und in den R\u00e4umlichkeiten der Phantasiewerkstatt entstehen werden, ist noch nicht abzusehen welches Ausma\u00df und Wirkung die Skulpturen in der abgedunkelten Galerie haben werden.<\/p>\n<p>Elisabeth Wieser, Jahrgang 1986 ist Absolventin der Akademie der bildenenden K\u00fcnste in M\u00fcnchen.<\/p>\n<p>2013 legte sie ihr Examen bei Prof. Stephan Dillemuth ab, 2014 erhielt sie den Bayerischen Kunstf\u00f6rderpreis. Stellte bereits 2012 bei der Gruppenausstellung \u201eHUNCH HOLES\u201c in Bogen aus.<\/p>\n<p>&nbsp;<\/p>\n<p>Veit Kowald, Jahrgang 1987 setzte sich bereits fr\u00fch mit Kunst im \u00f6ffentlichen R\u00e4umen au\u00dfeinander.<\/p>\n<p>2007 absolvierte er an der Akademie der bildenend K\u00fcnste in M\u00fcnchen bei Prof. Axel Kasseb\u00f6hmer.<br \/>\nLebt und arbeitet als Maler und Bildhauer in M\u00fcnchen<\/p>\n","protected":false},"excerpt":{"rendered":"<p>Die Vernissage findet am 07.11.2014 um 19:00 in der Dollmannstr.11 statt. &nbsp; Mystische Skulpturen- und Rauminstallation in Bogen Dass Bogen nicht nur die Heimat der Rautenwappens sonder auch f\u00fcr zeitgen\u00f6ssische Kunst ist, wird im November wieder einmal in der Galerie<\/p>\n","protected":false},"author":1,"featured_media":1073,"comment_status":"closed","ping_status":"open","sticky":false,"template":"","format":"standard","meta":[],"categories":[14],"tags":[67,66,17,68,65],"_links":{"self":[{"href":"http:\/\/www.phantasiewerkstatt-bogen.de\/index.php?rest_route=\/wp\/v2\/posts\/1072"}],"collection":[{"href":"http:\/\/www.phantasiewerkstatt-bogen.de\/index.php?rest_route=\/wp\/v2\/posts"}],"about":[{"href":"http:\/\/www.phantasiewerkstatt-bogen.de\/index.php?rest_route=\/wp\/v2\/types\/post"}],"author":[{"embeddable":true,"href":"http:\/\/www.phantasiewerkstatt-bogen.de\/index.php?rest_route=\/wp\/v2\/users\/1"}],"replies":[{"embeddable":true,"href":"http:\/\/www.phantasiewerkstatt-bogen.de\/index.php?rest_route=%2Fwp%2Fv2%2Fcomments&post=1072"}],"version-history":[{"count":1,"href":"http:\/\/www.phantasiewerkstatt-bogen.de\/index.php?rest_route=\/wp\/v2\/posts\/1072\/revisions"}],"predecessor-version":[{"id":1074,"href":"http:\/\/www.phantasiewerkstatt-bogen.de\/index.php?rest_route=\/wp\/v2\/posts\/1072\/revisions\/1074"}],"wp:featuredmedia":[{"embeddable":true,"href":"http:\/\/www.phantasiewerkstatt-bogen.de\/index.php?rest_route=\/wp\/v2\/media\/1073"}],"wp:attachment":[{"href":"http:\/\/www.phantasiewerkstatt-bogen.de\/index.php?rest_route=%2Fwp%2Fv2%2Fmedia&parent=1072"}],"wp:term":[{"taxonomy":"category","embeddable":true,"href":"http:\/\/www.phantasiewerkstatt-bogen.de\/index.php?rest_route=%2Fwp%2Fv2%2Fcategories&post=1072"},{"taxonomy":"post_tag","embeddable":true,"href":"http:\/\/www.phantasiewerkstatt-bogen.de\/index.php?rest_route=%2Fwp%2Fv2%2Ftags&post=1072"}],"curies":[{"name":"wp","href":"https:\/\/api.w.org\/{rel}","templated":true}]}}