{"id":1079,"date":"2014-11-28T12:10:04","date_gmt":"2014-11-28T11:10:04","guid":{"rendered":"http:\/\/www.phantasiewerkstatt-bogen.de\/?p=1079"},"modified":"2015-01-12T18:47:51","modified_gmt":"2015-01-12T17:47:51","slug":"beatearmann","status":"publish","type":"post","link":"http:\/\/www.phantasiewerkstatt-bogen.de\/?p=1079","title":{"rendered":"BEATE ARMANN akte und andere bilder"},"content":{"rendered":"<h1><span style=\"color: #800000;\">BEATE ARMANN\u00a0<\/span><\/h1>\n<p>zeigt Malerei<\/p>\n<p>Vernissage: 05.12.2014 19:00 Uhr<\/p>\n<p>Als Abschlu\u00df der heurigen Austellungsreihe haben Georg Fuchsteiner, Fiona Ebner und Peter Herr die Straubinger Malerin Beate Armann zu einer Ausstellung in die Galerie er Phantasiewerkstatt eingeladen. Gezeigt werden K\u00f6rperbilder und andere Bilder.<\/p>\n<p><img decoding=\"async\" loading=\"lazy\" class=\"alignright size-medium wp-image-1080\" alt=\"beate arman akt galerie goldnuss\" src=\"http:\/\/www.phantasiewerkstatt-bogen.de\/wp-content\/uploads\/2014\/11\/beate-arman-akt-galerie-goldnuss-300x212.jpg\" width=\"300\" height=\"212\" srcset=\"http:\/\/www.phantasiewerkstatt-bogen.de\/wp-content\/uploads\/2014\/11\/beate-arman-akt-galerie-goldnuss-300x212.jpg 300w, http:\/\/www.phantasiewerkstatt-bogen.de\/wp-content\/uploads\/2014\/11\/beate-arman-akt-galerie-goldnuss-785x555.jpg 785w, http:\/\/www.phantasiewerkstatt-bogen.de\/wp-content\/uploads\/2014\/11\/beate-arman-akt-galerie-goldnuss-210x148.jpg 210w, http:\/\/www.phantasiewerkstatt-bogen.de\/wp-content\/uploads\/2014\/11\/beate-arman-akt-galerie-goldnuss.jpg 1475w\" sizes=\"(max-width: 300px) 100vw, 300px\" \/><\/p>\n<p>&nbsp;<\/p>\n<p>Sie studierte von 1978 \u2013 85 in der Akademie der Bildenden K\u00fcnste bei den Professoren J.Reipka und Horst Sauerbruch. Seither betreibt sie\u00a0 beharrlich ihre Malerei, abseits von Mode und Zeitgeistigkeit.<\/p>\n<p>In ihren Aktbildern interessiert Sie nicht der sch\u00f6ne Mensch, sondern der geschundene Mensch. Sie zerlegt\u00a0 die menschliche Anatomie und weist den einzelnen K\u00f6rperteilen, wie Sehnen, R\u00fcckenwirbel und Muskelstr\u00e4ngen spezifisch verschiedene Farbigkeiten zu, welche miteinander\u00a0 ein stark emotional geladenenes Gef\u00fcge zeigen.<\/p>\n<p>Ebenso behandelt Sie in ihrer kontinuierlichen malerischen Praxis Themen, die ihr nahe stehen, wie Landschaften, Stilleben, Tiere und Blumen. Dabei steht die Farbe und die Form im Mittelpunkt ihrer Aufmerksamkeit. Sie selbst bezeichnet ihren Stil als \u201enaiv expressionistisch\u201c und nennt als malerische Vorbilder Paula Modersohn-Becker und Vincent van Gogh. Wie die beiden genannten ist auch Beate Armann \u201edurch und durch\u201c Malerin, die unbeirrbar ihren Weg in der Kunstwelt findet und einen eigenen wiedererkennbaren Malstil entwickelt hat.<\/p>\n<p>&nbsp;<\/p>\n<p>Armann kann auf eine 35-j\u00e4hrige Ausstellungsgeschichte zur\u00fcckblicken, darunter auch unter anderem im Haus der Kunst M\u00fcnchen und im Kunst und Gewerbeverein Regensburg. Man kennt Sie nat\u00fcrlich in Straubing als Mitglied der Gemeinschaft der Bildenden K\u00fcnstler und Ihren\u00a0 regen Ausstellungsbeteiligungen.<\/p>\n<p>&nbsp;<\/p>\n<p>https:\/\/www.facebook.com\/events\/1389210341358657\/<br \/>\nhttp:\/\/www.bbk-bayern.de\/verzeichnis\/detail2.phtml?kunr=558<\/p>\n<p>&nbsp;<\/p>\n","protected":false},"excerpt":{"rendered":"<p>BEATE ARMANN\u00a0 zeigt Malerei Vernissage: 05.12.2014 19:00 Uhr Als Abschlu\u00df der heurigen Austellungsreihe haben Georg Fuchsteiner, Fiona Ebner und Peter Herr die Straubinger Malerin Beate Armann zu einer Ausstellung in die Galerie er Phantasiewerkstatt eingeladen. Gezeigt werden K\u00f6rperbilder und andere<\/p>\n","protected":false},"author":1,"featured_media":1080,"comment_status":"closed","ping_status":"open","sticky":false,"template":"","format":"standard","meta":[],"categories":[1,14],"tags":[],"_links":{"self":[{"href":"http:\/\/www.phantasiewerkstatt-bogen.de\/index.php?rest_route=\/wp\/v2\/posts\/1079"}],"collection":[{"href":"http:\/\/www.phantasiewerkstatt-bogen.de\/index.php?rest_route=\/wp\/v2\/posts"}],"about":[{"href":"http:\/\/www.phantasiewerkstatt-bogen.de\/index.php?rest_route=\/wp\/v2\/types\/post"}],"author":[{"embeddable":true,"href":"http:\/\/www.phantasiewerkstatt-bogen.de\/index.php?rest_route=\/wp\/v2\/users\/1"}],"replies":[{"embeddable":true,"href":"http:\/\/www.phantasiewerkstatt-bogen.de\/index.php?rest_route=%2Fwp%2Fv2%2Fcomments&post=1079"}],"version-history":[{"count":2,"href":"http:\/\/www.phantasiewerkstatt-bogen.de\/index.php?rest_route=\/wp\/v2\/posts\/1079\/revisions"}],"predecessor-version":[{"id":1083,"href":"http:\/\/www.phantasiewerkstatt-bogen.de\/index.php?rest_route=\/wp\/v2\/posts\/1079\/revisions\/1083"}],"wp:featuredmedia":[{"embeddable":true,"href":"http:\/\/www.phantasiewerkstatt-bogen.de\/index.php?rest_route=\/wp\/v2\/media\/1080"}],"wp:attachment":[{"href":"http:\/\/www.phantasiewerkstatt-bogen.de\/index.php?rest_route=%2Fwp%2Fv2%2Fmedia&parent=1079"}],"wp:term":[{"taxonomy":"category","embeddable":true,"href":"http:\/\/www.phantasiewerkstatt-bogen.de\/index.php?rest_route=%2Fwp%2Fv2%2Fcategories&post=1079"},{"taxonomy":"post_tag","embeddable":true,"href":"http:\/\/www.phantasiewerkstatt-bogen.de\/index.php?rest_route=%2Fwp%2Fv2%2Ftags&post=1079"}],"curies":[{"name":"wp","href":"https:\/\/api.w.org\/{rel}","templated":true}]}}