{"id":1302,"date":"2015-09-04T12:46:24","date_gmt":"2015-09-04T10:46:24","guid":{"rendered":"http:\/\/www.phantasiewerkstatt-bogen.de\/?p=1302"},"modified":"2015-09-04T12:57:39","modified_gmt":"2015-09-04T10:57:39","slug":"hamann","status":"publish","type":"post","link":"http:\/\/www.phantasiewerkstatt-bogen.de\/?p=1302","title":{"rendered":"SIMONE HAMANN c o m b s   o f   t h o u g h t s   |   f o g   p a t c h e s   |   f r e e w a y s   \/  s t r i n g s   2o14"},"content":{"rendered":"<p><img decoding=\"async\" loading=\"lazy\" class=\"alignright size-medium wp-image-1303\" alt=\"hamann fb1\" src=\"http:\/\/www.phantasiewerkstatt-bogen.de\/wp-content\/uploads\/2015\/09\/hamann-fb1-300x142.jpg\" width=\"300\" height=\"142\" srcset=\"http:\/\/www.phantasiewerkstatt-bogen.de\/wp-content\/uploads\/2015\/09\/hamann-fb1-300x142.jpg 300w, http:\/\/www.phantasiewerkstatt-bogen.de\/wp-content\/uploads\/2015\/09\/hamann-fb1-785x373.jpg 785w, http:\/\/www.phantasiewerkstatt-bogen.de\/wp-content\/uploads\/2015\/09\/hamann-fb1-210x99.jpg 210w\" sizes=\"(max-width: 300px) 100vw, 300px\" \/><\/p>\n<p>Simone Hamann: freeways | combs of thoughts | fog patches\/ strings, 2014<br \/>\nAusstellung vom 25.9.-9.10.2015 in der Galerie GOLDNUSS | Bogen<br \/>\nSchon Albrecht D\u00fcrer bemerkte, \u201edass man allein viel seltsams Ding mit einer Linie machen<br \/>\nkann\u201ci.<\/p>\n<p>Auch Simone Hamann stellt sich in der Ausstellung<br \/>\n<em>\u201efreeways | combs of thoughts | fog\u00a0patches\/ strings\u201c,<\/em><br \/>\ndie vom 25.9. bis 9.10.2015 in der Galerie Goldnuss in Bogen stattfindet, der\u00a0Frage, wie sich das grafische Element der Linie auch in der Malerei verwirklichen l\u00e4sst.<\/p>\n<p>Nach Werkserien der Wolken und bubbles (2012 \u2013 2014), in denen sich die K\u00fcnstlerin vor allem\u00a0mit der stofflichen, ephemeren Form der Wolke und ihrer Reduktion auf Punkte und runde\u00a0Fl\u00e4chen auseinandersetzte, wendet sie sich seit 2014 konsequent dem zweiten grafischen\u00a0Grundelement zu: der Linie. Und doch geht es auch hier wieder um das universelle Thema der\u00a0Malerei: wie und woraus entsteht ein Bild?\u00a0Simone Hamann, in Bogen aufgewachsen und zur Schule gegangen, absolvierte ein Studium der\u00a0Malerei, Kunst und Philosophie in Rom, Passau und M\u00fcnchen. In dieser Ausstellung geht sie\u00a0nicht nur pers\u00f6nlich, sondern auch formal zur\u00fcck zu den Anf\u00e4ngen. Sie begreift das Medium der\u00a0Malerei als ein Experimentierfeld f\u00fcr die seit Anbeginn der kreativen T\u00e4tigkeit des Menschen\u00a0verf\u00fcgbaren Mittel: Malgrund, Farbe, und ein Ger\u00e4t zum Farbauftrag. Variantenreich und immer\u00a0wieder \u00fcberraschend stellt sie sich und folglich uns vor die Denk- und Sehaufgabe: Welche\u00a0gestalterischen M\u00f6glichkeiten bieten diese Grundlagen?<\/p>\n<p>F\u00fcr die in der Galerie Goldnuss gezeigten Serien<br \/>\n<em>freeways | combs of thoughts | fogpatches<\/em><br \/>\naus\u00a0der Werkgruppe der <em>strings<\/em> pr\u00e4pariert die K\u00fcnstlerin einen breiten Pinsel so, dass einzelne Haare\u00a0verkleben und seine Borsten sich zu einem Kamm spreizen.<br \/>\nSodann nimmt sie die selbst\u00a0anger\u00fchrte Farbe aus einem Farbbecher auf und streicht \u00fcber die Leinwand. Es entsteht eine\u00a0zinnen-artige Struktur: Die Linien verlaufen in variierender St\u00e4rke stets vertikal und fransen an\u00a0der Stelle, wo der Pinsel abgesetzt wird, aus. Wie sanft geschwungene, sich zu den Spitzen hin\u00a0verj\u00fcngende Haarstr\u00e4hnen, durch die ein Kamm f\u00e4hrt, oder leise am Fenster herunterlaufende\u00a0Wassertropfen mutet diese Vielzahl von sich \u00fcberlagernden Linien an. Oder wie ein\u00a0sogbildender Wasserfall, der sich an manchen Stellen zu Nebelfeldern, oder im w\u00f6rtlichen Sinne\u00a0Nebel-Aufklebern \u2013 fog patches \u2013 verdichtet. Die Farbschlieren bewegen sich in dem\u00a0Spannungsfeld von Linie und Farbfeld, Gegenst\u00e4ndliches und Abstraktes sind ineinander\u00a0gebettet. Die Linie ist mal bezeichnend, mal befreiend; oder, wie Wassily Kandinsky in dem\u00a0Aufsatz \u201e\u00dcber die Formfrage\u201c von 1912 feststellte: \u201eJede Form ist vielseitig. Man entdeckt an\u00a0ihr immer und immer andere gl\u00fcckliche Eigenschaften.\u201cii<\/p>\n<p>In ihrer wechselhaften Zusammensetzung und seriellen Anordnung suggerieren diese Linien-Spiele wiederum \u2013 wie schon in fr\u00fcheren Arbeiten\u2013 eine Ahnung von Unendlichkeit und deuten\u00a0hin auf Simone Hamanns pers\u00f6nliche Reflexion der Welt.<br \/>\nText von Claudia Leonore Kreile<\/p>\n<p>i Albrecht D\u00fcrer: Underweysung der Messung, S. 8., in: Werner Hofmann: die Sch\u00f6nheit ist eine Linie, M\u00fcnchen<br \/>\n2014, S. 15.<br \/>\nii Wassily Kandinsky: \u00dcber die Formfrage, in: Der Blaue Reiter, hg. v. Wassily Kandinsky und Franz Marc,<br \/>\nM\u00fcnchen 1912, Neuausg. In: Wassily Kandinsky, Essays \u00fcber Kunst und K\u00fcnstler, hg. v. Max Bill, Stuttgart 1955,<br \/>\nS. 39.<\/p>\n<p><a href=\"http:\/\/www.simone-hamann.de\/\">simone hamann<\/a><br \/>\n<a title=\"facebook\" href=\"https:\/\/www.facebook.com\/events\/816060785178685\/\">facebook event<\/a><\/p>\n","protected":false},"excerpt":{"rendered":"<p>Simone Hamann: freeways | combs of thoughts | fog patches\/ strings, 2014 Ausstellung vom 25.9.-9.10.2015 in der Galerie GOLDNUSS | Bogen Schon Albrecht D\u00fcrer bemerkte, \u201edass man allein viel seltsams Ding mit einer Linie machen kann\u201ci. Auch Simone Hamann stellt<\/p>\n","protected":false},"author":1,"featured_media":1306,"comment_status":"closed","ping_status":"open","sticky":false,"template":"","format":"standard","meta":[],"categories":[14],"tags":[],"_links":{"self":[{"href":"http:\/\/www.phantasiewerkstatt-bogen.de\/index.php?rest_route=\/wp\/v2\/posts\/1302"}],"collection":[{"href":"http:\/\/www.phantasiewerkstatt-bogen.de\/index.php?rest_route=\/wp\/v2\/posts"}],"about":[{"href":"http:\/\/www.phantasiewerkstatt-bogen.de\/index.php?rest_route=\/wp\/v2\/types\/post"}],"author":[{"embeddable":true,"href":"http:\/\/www.phantasiewerkstatt-bogen.de\/index.php?rest_route=\/wp\/v2\/users\/1"}],"replies":[{"embeddable":true,"href":"http:\/\/www.phantasiewerkstatt-bogen.de\/index.php?rest_route=%2Fwp%2Fv2%2Fcomments&post=1302"}],"version-history":[{"count":3,"href":"http:\/\/www.phantasiewerkstatt-bogen.de\/index.php?rest_route=\/wp\/v2\/posts\/1302\/revisions"}],"predecessor-version":[{"id":1307,"href":"http:\/\/www.phantasiewerkstatt-bogen.de\/index.php?rest_route=\/wp\/v2\/posts\/1302\/revisions\/1307"}],"wp:featuredmedia":[{"embeddable":true,"href":"http:\/\/www.phantasiewerkstatt-bogen.de\/index.php?rest_route=\/wp\/v2\/media\/1306"}],"wp:attachment":[{"href":"http:\/\/www.phantasiewerkstatt-bogen.de\/index.php?rest_route=%2Fwp%2Fv2%2Fmedia&parent=1302"}],"wp:term":[{"taxonomy":"category","embeddable":true,"href":"http:\/\/www.phantasiewerkstatt-bogen.de\/index.php?rest_route=%2Fwp%2Fv2%2Fcategories&post=1302"},{"taxonomy":"post_tag","embeddable":true,"href":"http:\/\/www.phantasiewerkstatt-bogen.de\/index.php?rest_route=%2Fwp%2Fv2%2Ftags&post=1302"}],"curies":[{"name":"wp","href":"https:\/\/api.w.org\/{rel}","templated":true}]}}