{"id":364,"date":"2012-10-03T13:28:40","date_gmt":"2012-10-03T11:28:40","guid":{"rendered":"http:\/\/www.phantasiewerkstatt-bogen.de\/?p=364"},"modified":"2012-12-04T17:36:05","modified_gmt":"2012-12-04T16:36:05","slug":"fotoausstellung-lichtertrunken","status":"publish","type":"post","link":"http:\/\/www.phantasiewerkstatt-bogen.de\/?p=364","title":{"rendered":"FOTOAUSSTELLUNG &#8211; lichtertrunken"},"content":{"rendered":"<h1><span style=\"text-decoration: underline; color: #333333;\"><span style=\"text-decoration: underline;\">Isar an der Donau<\/span><\/span><\/h1>\n<p>(gr\/ph)Auf da\u00df die Heimat des Rautenwappens auch zu einer Heimat der Kunst werde l\u00e4dt die Phantasiewerkstatt Bogen zum 2. Akt des Bogn\u2019er Kunstherbst. Galerie Goldnuss zeigt mit \u201elichtertrunken\u201c Abstrakte Fotokunst des Landshuter Fotografen Archimedes Ralle .<\/p>\n<p>Bogen und Landshut; beide St\u00e4dte liegen an Fl\u00fcssen, das gro\u00dfe Landshut an der \u201ekleinen\u201c Isar, das \u201ekleine\u201c Bogen an der gro\u00dfen Donau. Beide Orte sind gepr\u00e4gt von und durch ihre Str\u00f6me, sind diese doch seit jeher Lebensadern, Transportwege und Brottgeber aber auch Inspiration. W\u00e4hrend bei uns im G\u00e4u <a title=\"EDGAR STEIN\" href=\"www.donaukunst.de\/\" target=\"_blank\">\u201eDonaukunst\u201c <\/a>entsteht, ist in Niederbayerns Hauptstadt die im Karwendel entspringende Isar der Denkansto\u00df f\u00fcr so manche Kunst.<br \/>\nDie Phantasiewerkstatt hat den Fotok\u00fcnstler Archimedes Ralle eingeladen sein Auseinandersetzen mit dem Gew\u00e4sser Isar, seinen Reflexionen, F\u00e4rbungen und Strukturen in\u00a0 Bogen auszustellen.<\/p>\n<p>Ralle durchquert seit vielen Jahren seine Umgebung und l\u00e4sst sich \u2013 geleitet von einem erfahrenen Magnetismus f\u00fcr das Unvorhersehbare \u2013 von den Motiven finden. Oder aber er w\u00e4hlt bewusst bekannte Orte (auch Fl\u00fcsse) aus, um sich diesen zu n\u00e4hern und das Entdeckte in eine eigene Bildsprache umzusetzen. In seinen Fotografien findet eine zerlegte Welt wieder zusammen, ein eigent\u00fcmlich Licht durchfluteter Kosmos \u00f6ffnet sich, in dem Natur und abstraktes Eins werden.<br \/>\nSo geschehen auch bei seiner aktuellen Bildserie \u00fcber die Isar, der neben der Fotoausstellung auch ein neuer Bildband, mit dem poetisch klingenden Titel \u201elichtertrunken\u201c, gewidmet ist. Gezeigt wird ein Bilderreigen abstrakter Fotokunst, ein Licht- und Farbenspiel des Flusses.<\/p>\n<p>Der 1959 in M\u00fcnchen geborene Fotograf und Mechaniker Archimedes Ralle (*) lebte mit seiner Familie lange Jahre im Saarland, wo er viel herumkam (u.a. Lothringen, Paris, Kanalk\u00fcste und Luxemburg). Aus beruflichen Gr\u00fcnden und gewisserma\u00dfen auch aus Heimweh kehrt er 2009 mit seiner Frau nach Bayern zur\u00fcck. Ralle wie auch seine Gattin sind Privat stets mit ihren Kameras unterwegs.<\/p>\n<p>Vernissage ist am Samstag, 20.10.2012 um 18 Uhr. Die Ausstellung wird vom 21. Oktober \u2013 18. November 2012 in der Phantasiewerkstatt in der ehemaligen Keramikmanufaktur Herr in der Dollmannstra\u00dfe 11 gezeigt. Ge\u00f6ffnet ist die Ausstellung jeden Dienstag und Mittwoch von 15 bis 21 Uhr oder nach telefonischer Vereinbarung 09422 \/ 855311<\/p>\n<p>20.10.2012 &#8211; <span style=\"color: #ff0000;\">GALERIE GOLDNU\u00df<\/span> Vernissage: <span style=\"text-decoration: underline;\">18:00 Uhr<br \/>\n<\/span><\/p>\n<p><span style=\"text-decoration: underline;\"><strong><span style=\"color: #339966; text-decoration: underline;\">http:\/\/www.facebook.com\/events\/283279011784466\/<\/span><\/strong><\/span><\/p>\n<p><span style=\"text-decoration: underline;\"><strong><span style=\"color: #339966; text-decoration: underline;\"><a href=\"http:\/\/www.rallefotoagentur.de\/news.html\" target=\"_blank\"><span style=\"color: #339966; text-decoration: underline;\">http:\/\/www.rallefotoagentur.de\/<\/span><\/a><\/span><\/strong><\/span><\/p>\n<p><a title=\"ARCHIMEDES RALLE INTERNETPR\u00c4SENZ\" href=\"http:\/\/www.rallefotoagentur.de\/archimedesralle.html\" target=\"_blank\"><img decoding=\"async\" loading=\"lazy\" class=\"alignright  wp-image-365\" title=\"Plakat_IGP0002 ralle\" src=\"http:\/\/www.phantasiewerkstatt-bogen.de\/wp-content\/uploads\/2012\/10\/Plakat_IGP0002-ralle.jpg\" alt=\"\" width=\"827\" height=\"1240\" \/><\/a><\/p>\n","protected":false},"excerpt":{"rendered":"<p>Isar an der Donau (gr\/ph)Auf da\u00df die Heimat des Rautenwappens auch zu einer Heimat der Kunst werde l\u00e4dt die Phantasiewerkstatt Bogen zum 2. Akt des Bogn\u2019er Kunstherbst. Galerie Goldnuss zeigt mit \u201elichtertrunken\u201c Abstrakte Fotokunst des Landshuter Fotografen Archimedes Ralle .<\/p>\n","protected":false},"author":1,"featured_media":365,"comment_status":"closed","ping_status":"open","sticky":false,"template":"","format":"standard","meta":[],"categories":[14],"tags":[],"_links":{"self":[{"href":"http:\/\/www.phantasiewerkstatt-bogen.de\/index.php?rest_route=\/wp\/v2\/posts\/364"}],"collection":[{"href":"http:\/\/www.phantasiewerkstatt-bogen.de\/index.php?rest_route=\/wp\/v2\/posts"}],"about":[{"href":"http:\/\/www.phantasiewerkstatt-bogen.de\/index.php?rest_route=\/wp\/v2\/types\/post"}],"author":[{"embeddable":true,"href":"http:\/\/www.phantasiewerkstatt-bogen.de\/index.php?rest_route=\/wp\/v2\/users\/1"}],"replies":[{"embeddable":true,"href":"http:\/\/www.phantasiewerkstatt-bogen.de\/index.php?rest_route=%2Fwp%2Fv2%2Fcomments&post=364"}],"version-history":[{"count":15,"href":"http:\/\/www.phantasiewerkstatt-bogen.de\/index.php?rest_route=\/wp\/v2\/posts\/364\/revisions"}],"predecessor-version":[{"id":403,"href":"http:\/\/www.phantasiewerkstatt-bogen.de\/index.php?rest_route=\/wp\/v2\/posts\/364\/revisions\/403"}],"wp:featuredmedia":[{"embeddable":true,"href":"http:\/\/www.phantasiewerkstatt-bogen.de\/index.php?rest_route=\/wp\/v2\/media\/365"}],"wp:attachment":[{"href":"http:\/\/www.phantasiewerkstatt-bogen.de\/index.php?rest_route=%2Fwp%2Fv2%2Fmedia&parent=364"}],"wp:term":[{"taxonomy":"category","embeddable":true,"href":"http:\/\/www.phantasiewerkstatt-bogen.de\/index.php?rest_route=%2Fwp%2Fv2%2Fcategories&post=364"},{"taxonomy":"post_tag","embeddable":true,"href":"http:\/\/www.phantasiewerkstatt-bogen.de\/index.php?rest_route=%2Fwp%2Fv2%2Ftags&post=364"}],"curies":[{"name":"wp","href":"https:\/\/api.w.org\/{rel}","templated":true}]}}