{"id":391,"date":"2012-10-09T12:36:59","date_gmt":"2012-10-09T10:36:59","guid":{"rendered":"http:\/\/www.phantasiewerkstatt-bogen.de\/?p=391"},"modified":"2012-12-11T12:36:32","modified_gmt":"2012-12-11T11:36:32","slug":"impressionen-no-hold-on-honold","status":"publish","type":"post","link":"http:\/\/www.phantasiewerkstatt-bogen.de\/?p=391","title":{"rendered":"IMPRESSIONEN &#8211; no hold on honold"},"content":{"rendered":"<p><img decoding=\"async\" loading=\"lazy\" class=\" wp-image-456 \" title=\"willkommen\" src=\"http:\/\/www.phantasiewerkstatt-bogen.de\/wp-content\/uploads\/2012\/10\/R0015166-785x785.jpg\" alt=\"christian honold\" width=\"432\" height=\"432\" srcset=\"http:\/\/www.phantasiewerkstatt-bogen.de\/wp-content\/uploads\/2012\/10\/R0015166-785x785.jpg 785w, http:\/\/www.phantasiewerkstatt-bogen.de\/wp-content\/uploads\/2012\/10\/R0015166-145x145.jpg 145w, http:\/\/www.phantasiewerkstatt-bogen.de\/wp-content\/uploads\/2012\/10\/R0015166-300x300.jpg 300w, http:\/\/www.phantasiewerkstatt-bogen.de\/wp-content\/uploads\/2012\/10\/R0015166-210x210.jpg 210w\" sizes=\"(max-width: 432px) 100vw, 432px\" \/><\/p>\n<p><img decoding=\"async\" loading=\"lazy\" class=\"size-medium wp-image-455\" title=\"korkenziehertreppe\" src=\"http:\/\/www.phantasiewerkstatt-bogen.de\/wp-content\/uploads\/2012\/10\/R0015167-300x300.jpg\" alt=\"wendeltreppe\" width=\"300\" height=\"300\" srcset=\"http:\/\/www.phantasiewerkstatt-bogen.de\/wp-content\/uploads\/2012\/10\/R0015167-300x300.jpg 300w, http:\/\/www.phantasiewerkstatt-bogen.de\/wp-content\/uploads\/2012\/10\/R0015167-145x145.jpg 145w, http:\/\/www.phantasiewerkstatt-bogen.de\/wp-content\/uploads\/2012\/10\/R0015167-785x785.jpg 785w, http:\/\/www.phantasiewerkstatt-bogen.de\/wp-content\/uploads\/2012\/10\/R0015167-210x210.jpg 210w\" sizes=\"(max-width: 300px) 100vw, 300px\" \/> <img decoding=\"async\" loading=\"lazy\" class=\"alignright size-medium wp-image-598\" title=\"honold ausstellungsansicht\" src=\"http:\/\/www.phantasiewerkstatt-bogen.de\/wp-content\/uploads\/2012\/10\/honold-ausstellungsansicht-300x225.jpg\" alt=\"\" width=\"300\" height=\"225\" srcset=\"http:\/\/www.phantasiewerkstatt-bogen.de\/wp-content\/uploads\/2012\/10\/honold-ausstellungsansicht-300x225.jpg 300w, http:\/\/www.phantasiewerkstatt-bogen.de\/wp-content\/uploads\/2012\/10\/honold-ausstellungsansicht-785x588.jpg 785w, http:\/\/www.phantasiewerkstatt-bogen.de\/wp-content\/uploads\/2012\/10\/honold-ausstellungsansicht-210x157.jpg 210w, http:\/\/www.phantasiewerkstatt-bogen.de\/wp-content\/uploads\/2012\/10\/honold-ausstellungsansicht.jpg 960w\" sizes=\"(max-width: 300px) 100vw, 300px\" \/><\/p>\n<h1><span style=\"color: #ff0000;\">\u2665\u2665\u2665\u2665\u2665\u2665\u2665\u2665\u2665\u2665\u2665\u2665\u2665\u2665\u2665\u2665\u2665\u2665\u2665\u2665\u2665\u2665\u2665\u2665\u2665\u2665\u2665<\/span><\/h1>\n<p><span style=\"font-family: Arial; font-size: medium;\">\u00a0\u00a0\u00a0\u00a0\u00a0\u00a0\u00a0\u00a0\u00a0\u00a0\u00a0\u00a0\u00a0 Abstrakte Vielfalt in Kohle und Farbe<\/span><\/p>\n<p><span style=\"font-family: Arial; font-size: medium;\">Bogen: K\u00fcnstler aus M\u00fcnchen stellt in der Phantasiewerkstatt aus<\/span><\/p>\n<p><span style=\"font-family: Arial; font-size: medium;\">\u00a0<\/span><\/p>\n<p><span style=\"font-family: Arial; font-size: medium;\">( dw<\/span>) Wer sich uns seine Talente im Malen, Zeichnen, Drucken , Formen und noch in anderen Techniken verwirklichen will findet die richtige Adresse daf\u00fcr in der Phantasiewerkstatt in der Bogener Dollmannstra\u00dfe. Denn hier wird , wie anl\u00e4sslich einer Vernissage am Freitag Abend nicht nur Kunst gezeigt, sondern auch verwirklicht, was durch verschiedene Kurse zur Umsetzung der eigenen Kreativit\u00e4t verwirklicht wird. Dar\u00fcber hinaus ist es ein Anliegen der Phantasiewerkstatt , junge wie auch etablierte K\u00fcnstler zu unterst\u00fctzen und die Grafenstadt und Heimat des Rautenwappens in eine Heimat der Kunst und ihrer Kunstschaffenden zu verwandeln.<\/p>\n<p><span style=\"font-family: Arial; font-size: medium;\">\u00a0\u00a0\u00a0\u00a0\u00a0\u00a0\u00a0\u00a0\u00a0\u00a0\u00a0\u00a0\u00a0 Am FReitag Abend war es der M\u00fcnchener K\u00fcnstler Christian Honold der unter dem Motto \u201e No hold on Honold\u201c zu einer Ausstellung in die in der Phantasiewerkstatt beheimatete Galerie \u201e Goldnusss\u201ceingeladen hatte. Und als in der Kunstszene schon bestens angekommen, konnte er bei dieser Vernissage rund 60 Besucher begr\u00fc\u00dfen die von seinen aus unterschiedliche\u00a0 Quellen und Raumebenen zusammengef\u00fchrten und verschachtelten Kompositionen begeistert waren. Honold, Jahrgang 1983, hat an der Akademie der bildenden K\u00fcnste in M\u00fcnchen Malerei und Graphik bei Markus Oelsen studiert und mit Diplom abgeschlossen. Besonders aufgefallen an der Kunstschule ist er mit \u00fcberdimensionalen Kohlezeichnungen , die komplexe Arrangements mit vielen Figuren zeigten. Oft griffen die Bilder klassische Themen auf, wie beispielsweise das \u201e Schlachtenbild\u201c alter Meister und schufen daraus ein zeitgen\u00f6ssisches Gewand. In den letzten Jahren widmete sich der K\u00fcnstler immer mehr der Abstraktion und lie\u00df die Figuren in den Hintergrund treten. Christian Honold malt in \u00d6l viele \u00fcbereinander liegende Schichten , die sich allerdings\u00a0 in ihrer Komplexit\u00e4t einer eindeutigen Sehrichtung verweigern und vielmehr der Betrachter auffordern , sich selbst in pers\u00f6nlicher Sichtweise eine komplettierte Auffassung zu bilden. F\u00fcr Honold gab es am Er\u00f6ffnungsabend eine ganz spezielle \u00dcberraschung :<\/span><\/p>\n<p><span style=\"font-family: Arial; font-size: medium;\">Verliehen wurde ihm n\u00e4mlich das von der Phantasiewerkstatt ausgelobte \u00a0hauseigene \u201e Goldnu\u00dfstipendium\u201c , das ihm einen einmonatigen Aufenthalt im<\/span><\/p>\n<p><span style=\"font-family: Arial; font-size: medium;\">Atelier und freie Benutzung aller Werkst\u00e4tten verschafft. Noch bis zum 19. Oktober ist die Honold \u2013 Ausstellung zu sehen , die anschlie\u00dfend durch den Landshuter Photografen Archimedes Ralle mit der Ausstellung \u201e lichttrunken\u201c neu gestaltet wird. Ge\u00f6ffnet ist die Galerie in der Dollmanstra\u00dfe 11 in Bogen jeden Dienstag und Mittwoch von 15 bis 21 Uhr. <\/span><\/p>\n<p><img decoding=\"async\" loading=\"lazy\" class=\"alignright size-medium wp-image-599\" title=\"_MG_0554\" src=\"http:\/\/www.phantasiewerkstatt-bogen.de\/wp-content\/uploads\/2012\/10\/MG_0554-300x213.jpg\" alt=\"\" width=\"300\" height=\"213\" srcset=\"http:\/\/www.phantasiewerkstatt-bogen.de\/wp-content\/uploads\/2012\/10\/MG_0554-300x213.jpg 300w, http:\/\/www.phantasiewerkstatt-bogen.de\/wp-content\/uploads\/2012\/10\/MG_0554-785x558.jpg 785w, http:\/\/www.phantasiewerkstatt-bogen.de\/wp-content\/uploads\/2012\/10\/MG_0554-210x149.jpg 210w\" sizes=\"(max-width: 300px) 100vw, 300px\" \/><\/p>\n<p>bilder mit herzlichster genehmigung von c.k.sinz<\/p>\n","protected":false},"excerpt":{"rendered":"<p>\u2665\u2665\u2665\u2665\u2665\u2665\u2665\u2665\u2665\u2665\u2665\u2665\u2665\u2665\u2665\u2665\u2665\u2665\u2665\u2665\u2665\u2665\u2665\u2665\u2665\u2665\u2665 \u00a0\u00a0\u00a0\u00a0\u00a0\u00a0\u00a0\u00a0\u00a0\u00a0\u00a0\u00a0\u00a0 Abstrakte Vielfalt in Kohle und Farbe Bogen: K\u00fcnstler aus M\u00fcnchen stellt in der Phantasiewerkstatt aus \u00a0 ( dw) Wer sich uns seine Talente im Malen, Zeichnen, Drucken , Formen und noch in anderen Techniken verwirklichen will findet die<\/p>\n","protected":false},"author":1,"featured_media":394,"comment_status":"closed","ping_status":"open","sticky":false,"template":"","format":"standard","meta":[],"categories":[14],"tags":[],"_links":{"self":[{"href":"http:\/\/www.phantasiewerkstatt-bogen.de\/index.php?rest_route=\/wp\/v2\/posts\/391"}],"collection":[{"href":"http:\/\/www.phantasiewerkstatt-bogen.de\/index.php?rest_route=\/wp\/v2\/posts"}],"about":[{"href":"http:\/\/www.phantasiewerkstatt-bogen.de\/index.php?rest_route=\/wp\/v2\/types\/post"}],"author":[{"embeddable":true,"href":"http:\/\/www.phantasiewerkstatt-bogen.de\/index.php?rest_route=\/wp\/v2\/users\/1"}],"replies":[{"embeddable":true,"href":"http:\/\/www.phantasiewerkstatt-bogen.de\/index.php?rest_route=%2Fwp%2Fv2%2Fcomments&post=391"}],"version-history":[{"count":7,"href":"http:\/\/www.phantasiewerkstatt-bogen.de\/index.php?rest_route=\/wp\/v2\/posts\/391\/revisions"}],"predecessor-version":[{"id":600,"href":"http:\/\/www.phantasiewerkstatt-bogen.de\/index.php?rest_route=\/wp\/v2\/posts\/391\/revisions\/600"}],"wp:featuredmedia":[{"embeddable":true,"href":"http:\/\/www.phantasiewerkstatt-bogen.de\/index.php?rest_route=\/wp\/v2\/media\/394"}],"wp:attachment":[{"href":"http:\/\/www.phantasiewerkstatt-bogen.de\/index.php?rest_route=%2Fwp%2Fv2%2Fmedia&parent=391"}],"wp:term":[{"taxonomy":"category","embeddable":true,"href":"http:\/\/www.phantasiewerkstatt-bogen.de\/index.php?rest_route=%2Fwp%2Fv2%2Fcategories&post=391"},{"taxonomy":"post_tag","embeddable":true,"href":"http:\/\/www.phantasiewerkstatt-bogen.de\/index.php?rest_route=%2Fwp%2Fv2%2Ftags&post=391"}],"curies":[{"name":"wp","href":"https:\/\/api.w.org\/{rel}","templated":true}]}}