{"id":513,"date":"2012-11-06T12:33:52","date_gmt":"2012-11-06T11:33:52","guid":{"rendered":"http:\/\/www.phantasiewerkstatt-bogen.de\/?p=513"},"modified":"2013-02-10T18:49:36","modified_gmt":"2013-02-10T17:49:36","slug":"wortbild-kunstausstellung-mit-rap-musik","status":"publish","type":"post","link":"http:\/\/www.phantasiewerkstatt-bogen.de\/?p=513","title":{"rendered":"WORT&#038;BILD &#8211; kunstausstellung mit rap-musik"},"content":{"rendered":"<p><img decoding=\"async\" loading=\"lazy\" class=\"alignleft size-large wp-image-516\" title=\"plakat1\" src=\"http:\/\/www.phantasiewerkstatt-bogen.de\/wp-content\/uploads\/2012\/11\/plakat1-785x785.jpeg\" alt=\"\" width=\"720\" height=\"720\" srcset=\"http:\/\/www.phantasiewerkstatt-bogen.de\/wp-content\/uploads\/2012\/11\/plakat1-785x785.jpeg 785w, http:\/\/www.phantasiewerkstatt-bogen.de\/wp-content\/uploads\/2012\/11\/plakat1-145x145.jpeg 145w, http:\/\/www.phantasiewerkstatt-bogen.de\/wp-content\/uploads\/2012\/11\/plakat1-300x300.jpeg 300w, http:\/\/www.phantasiewerkstatt-bogen.de\/wp-content\/uploads\/2012\/11\/plakat1-210x210.jpeg 210w, http:\/\/www.phantasiewerkstatt-bogen.de\/wp-content\/uploads\/2012\/11\/plakat1.jpeg 850w\" sizes=\"(max-width: 720px) 100vw, 720px\" \/><\/p>\n<h1><strong><span style=\"text-decoration: underline;\"><span style=\"color: #ff0000; text-decoration: underline;\">\u00a0ES GIBT WAS F\u00dcR DIE AUGEN<\/span><\/span><\/strong><\/h1>\n<h1><strong><span style=\"text-decoration: underline;\"><span style=\"color: #ff0000; text-decoration: underline;\">ES GIBT WAS AUF DIE OHREN<\/span><\/span><\/strong><\/h1>\n<p>rap trifft photografie<\/p>\n<p>CHRISTOPH GABLER ZEIGT EINEN AUSSCHNITT SEINES PHOTOGRAPHISCHEN SCHAFFENS DER LETZTEN JAHRE.<br \/>\nMC KERN PERFORMT KNUSPRIGEN RAP AUF FRESHE BEATS.<\/p>\n<p>DER EVENT DES BOGNER KULTURWINTERS.<\/p>\n<p>kommen<br \/>\nstaunen<br \/>\nkopfnicken<\/p>\n<p><span style=\"color: #0000ff;\"><a title=\"INTERNET PR\u00c4SENZ CHRISTOPH GABLER\" href=\"http:\/\/www.ein-ausdruck.de\" target=\"_blank\"><span style=\"color: #0000ff;\">http:\/\/ein-ausdruck.de<\/span><\/a><\/span><\/p>\n<p><span style=\"color: #0000ff;\"><a href=\"http:\/\/www.facebook.com\/events\/411193945619349\/\" target=\"_blank\"><span style=\"color: #0000ff;\">http:\/\/www.facebook.com\/events\/411193945619349\/<\/span><\/a><\/span><\/p>\n<p><span style=\"color: #0000ff;\"><a title=\"VERANSTALTUNGSKALENDER\" href=\"http:\/\/veranstaltungen.meinestadt.de\/bogen\/event-detail\/29732435\" target=\"_blank\"><span style=\"color: #0000ff;\">http:\/\/veranstaltungen.meinestadt.de\/bogen\/event-detail\/29732435<\/span><\/a><\/span><\/p>\n<p><span style=\"color: #0000ff;\"><a href=\"http:\/\/www.idowa.de\/home\/artikel\/2012\/12\/06\/fotografien-und-sprechgesang.html\"><span style=\"color: #0000ff;\">http:\/\/www.idowa.de\/home\/artikel\/2012\/12\/06\/fotografien-und-sprechgesang.html<\/span><\/a><\/span><\/p>\n<address>\u00a0PRESSETEXT:<\/address>\n<address>\u00a0<\/address>\n<address>Was f\u00fcr die Augen und was auf die OhrenDie Phantasiewerkstatt Bogen l\u00e4dt zu einer Ausstellungser\u00f6ffnung der besonderen Art. Aus der spontanen Idee einer Musikeinlage bei der letzten Vernissage in der Goldnu\u00df Galerie und dem gro\u00dfen Anklang beim Publikum entstand das Konzept von \u201eWort&amp;Bild\u201c. Eine Zusammenarbeit der beiden K\u00fcnstler Christoph Gabler und Thomas Kern aus Bogen, ein Zusammenspiel aus originellen Fotographien und heiter bis tiefsinnigem Sprechgesang. Gezeigt werden gro\u00dfformatige Bildabz\u00fcge auf Alu neben Rapmusik der anderen Art. Ein bunter Abend f\u00fcr Augen und Ohren.<br \/>\nDer in Regensburg geborene Christoph Gabler war von klein auf von Bildern angetat. Bilder im Fernsehen in Magazinen\u00a0 besonders von Skateboard Magazinen in denen die Sportler wie \u201eeingefroren\u201c in der Luft stehen und man ihre dynamischen Kunstst\u00fccke in Geist vervollst\u00e4ndigen muss. Vielleicht waren dies die ersten Anst\u00f6\u00dfe f\u00fcr sein heutiges Schaffen. Bereits als Kind war ihm die Kamera vertraut doch erst seit 2006 begann er seinen Schwerpunkt auf Fotografie zu legen. Anfangs arbeitete er mit der analogen Technik ist in Zwischenzeit aber auf digital umgestiegen. Seit bald 2 Jahren lebt Gabler selbstst\u00e4ndig von seinem Handwerk.<br \/>\nAn seinem Beruf reizt ihn die Vielseitigkeit und der st\u00e4ndige Wechsel von Menschen, mit denen er zusammenarbeiten kann und mit ihnen neue Projekte verwirklichen darf. Die gr\u00f6\u00dfte Motivation ist f\u00fcr Ihn die positive R\u00fcckmeldung, die er oft f\u00fcr seine Photographien bekommt. Er arbeitet momentan an einer\u00a0 neuen Fotoserie mit dem Titel \u201eHaushaltsgeschichten\u201c. Ausz\u00fcge daraus werden auch in der Ausstellung zu bewundern sein.<br \/>\n.Da er sich als Handwerker sieht legt er gro\u00dfen Wert auf Bildaufbau, der Ausleuchtung und Allem was seine Definition eines guten Fotos ausmacht er redet selbst von einem Hang zum Perfektionismus. Beim Bild selbst liegt sein Augenmerk auf der Eigenwilligkeit und dem spontanen Moment. Als freie Arbeiten fotografiert er am liebsten inszenierte Portraits und oftmals unwirklich wirkende Szenen, als Berufsfotograf besch\u00e4ftigt er sich vorwiegend mit Werbung und Firmenportraits<br \/>\nAm Ausstellungkonzept \u201eWort&amp;Bild\u201c reizt ihn besonders die Kombination von Live-Musik und Fotokunst und dass es eben mehr ist als \u201enur\u201c Fotos anschauen. Musik nicht nur als Beiwerk sondern als gleichwertiger Teil des Programms.Thomas Kern lebt in Bogen und besch\u00e4ftigt sich seit seiner Kindheit mit dem gesprochenen und geschriebenen Wort. Erste B\u00fchnenerfahrung sammelte Kern bereits in der Grundschule mit einer Rolle in dem M\u00e4rchenst\u00fcck \u201eVon der K\u00f6nigin, die keine Pfeffern\u00fcsse backen, und dem K\u00f6nig, der nicht das Brummeisen spielen konnte\u201c die er so charismatisch auff\u00fchrte das er sebst heute noch darauf angesprochen wird. Bereits seit 15 Jahren ist er als Rap-Musiker aktiv und spielte schon als Vorprogramm der Band \u201eBlumentopf\u201c, die im\u00a0 gesamten deutschsprachigen Raum bekannt ist und den Beginn seiner Liebe zu Rap initierte. Er studierte Soziale Arbeit in Kiel, nach dem Studium verschlug es ihn aber wieder in seine niederbayerische Heimat zur\u00fcck.<br \/>\nSeine Musik ist vielseitig und sein musikalisches Spektrum reicht von heiter-ironisch \u00fcber bildhaft-originelles bis hin zu\u00a0 sehr gehaltvollen\u00a0 Texten\u00a0 in denen er oft tiefe Einblicke in seine eigene Lebenswelt und sein Gef\u00fchlsleben gew\u00e4hrt. Wer nach\u00a0 chauvinistischen, gewaltverherrlichenden oder gar homophoben Floskeln wie man sie aus den Charts kennt sucht, der ist bei \u201eMC Kern\u201c an der falschen Adresse. Denn er legt Wert auf ehrliche und echte Musik, die aus dem Herzen kommt und von der Liebe zur Musik und der Liebe zum Leben getragen und inspiriert wird. Neben einigen neuen Texten m\u00f6chte er auch wieder \u201eFreestyle\u201c improvisieren und dabei das Publikum auf witzige und originelle Art einbeziehen und ansprechen, sozusagen aus dem Stegreif in der Manier und mit der Spitzfindigkeit eines bayerischen Gschtanzl. Kern wird zuerst sein Soloprogramm performen um dann im weiteren Verlauf des Konzerts von anderen Musikern unterst\u00fctzt zu werden. Unter anderem von dem Musiklehrer, Saxophonisten und Multiinstrumentalisten Volker Rinza aus Geiselh\u00f6ring.<br \/>\nDie K\u00fcnstler sowie die Galeristen Georg Fuchssensteiner und Peter Herr freuen sich auf einen abwechslungsreichen, lebendigen und bunten Abend mit zahlreichen G\u00e4sten. Ein weiterer Schritt hin zu einer kulturell lebendigen Heimat.<br \/>\n<em> Beginn der Vernissage ist am Freitag den 7.12 um 19:00 Uhr in der Phantasiewerkstatt Bogen in der alten Keramikmanufaktur Herr in der Dollmannstr.11. \u00d6ffnungszeiten sind am 11. Und 12. Dezember von 15 Uhr bis 17:30 Uhr und nach telefonischer Vereinbarung. Die Ausstellung h\u00e4ngt bis zum 23. Januar 2013.<\/em><\/address>\n<address>\u00a0<\/address>\n<address><img decoding=\"async\" loading=\"lazy\" class=\"alignleft size-medium wp-image-568\" title=\"ein werk aus der serie -rock the toilette-\" src=\"http:\/\/www.phantasiewerkstatt-bogen.de\/wp-content\/uploads\/2012\/11\/ein-werk-aus-der-serie-rock-the-toilette--300x199.jpeg\" alt=\"von christoph gabler\" width=\"300\" height=\"199\" srcset=\"http:\/\/www.phantasiewerkstatt-bogen.de\/wp-content\/uploads\/2012\/11\/ein-werk-aus-der-serie-rock-the-toilette--300x199.jpeg 300w, http:\/\/www.phantasiewerkstatt-bogen.de\/wp-content\/uploads\/2012\/11\/ein-werk-aus-der-serie-rock-the-toilette--785x522.jpeg 785w, http:\/\/www.phantasiewerkstatt-bogen.de\/wp-content\/uploads\/2012\/11\/ein-werk-aus-der-serie-rock-the-toilette--210x139.jpeg 210w, http:\/\/www.phantasiewerkstatt-bogen.de\/wp-content\/uploads\/2012\/11\/ein-werk-aus-der-serie-rock-the-toilette-.jpeg 1772w\" sizes=\"(max-width: 300px) 100vw, 300px\" \/><\/address>\n","protected":false},"excerpt":{"rendered":"<p>\u00a0ES GIBT WAS F\u00dcR DIE AUGEN ES GIBT WAS AUF DIE OHREN rap trifft photografie CHRISTOPH GABLER ZEIGT EINEN AUSSCHNITT SEINES PHOTOGRAPHISCHEN SCHAFFENS DER LETZTEN JAHRE. MC KERN PERFORMT KNUSPRIGEN RAP AUF FRESHE BEATS. DER EVENT DES BOGNER KULTURWINTERS. kommen<\/p>\n","protected":false},"author":1,"featured_media":518,"comment_status":"closed","ping_status":"open","sticky":false,"template":"","format":"standard","meta":[],"categories":[14],"tags":[34,38,39,36,37,35],"_links":{"self":[{"href":"http:\/\/www.phantasiewerkstatt-bogen.de\/index.php?rest_route=\/wp\/v2\/posts\/513"}],"collection":[{"href":"http:\/\/www.phantasiewerkstatt-bogen.de\/index.php?rest_route=\/wp\/v2\/posts"}],"about":[{"href":"http:\/\/www.phantasiewerkstatt-bogen.de\/index.php?rest_route=\/wp\/v2\/types\/post"}],"author":[{"embeddable":true,"href":"http:\/\/www.phantasiewerkstatt-bogen.de\/index.php?rest_route=\/wp\/v2\/users\/1"}],"replies":[{"embeddable":true,"href":"http:\/\/www.phantasiewerkstatt-bogen.de\/index.php?rest_route=%2Fwp%2Fv2%2Fcomments&post=513"}],"version-history":[{"count":13,"href":"http:\/\/www.phantasiewerkstatt-bogen.de\/index.php?rest_route=\/wp\/v2\/posts\/513\/revisions"}],"predecessor-version":[{"id":515,"href":"http:\/\/www.phantasiewerkstatt-bogen.de\/index.php?rest_route=\/wp\/v2\/posts\/513\/revisions\/515"}],"wp:featuredmedia":[{"embeddable":true,"href":"http:\/\/www.phantasiewerkstatt-bogen.de\/index.php?rest_route=\/wp\/v2\/media\/518"}],"wp:attachment":[{"href":"http:\/\/www.phantasiewerkstatt-bogen.de\/index.php?rest_route=%2Fwp%2Fv2%2Fmedia&parent=513"}],"wp:term":[{"taxonomy":"category","embeddable":true,"href":"http:\/\/www.phantasiewerkstatt-bogen.de\/index.php?rest_route=%2Fwp%2Fv2%2Fcategories&post=513"},{"taxonomy":"post_tag","embeddable":true,"href":"http:\/\/www.phantasiewerkstatt-bogen.de\/index.php?rest_route=%2Fwp%2Fv2%2Ftags&post=513"}],"curies":[{"name":"wp","href":"https:\/\/api.w.org\/{rel}","templated":true}]}}