{"id":772,"date":"2013-09-10T15:56:53","date_gmt":"2013-09-10T13:56:53","guid":{"rendered":"http:\/\/www.phantasiewerkstatt-bogen.de\/?p=772"},"modified":"2013-09-20T15:13:22","modified_gmt":"2013-09-20T13:13:22","slug":"homecoming","status":"publish","type":"post","link":"http:\/\/www.phantasiewerkstatt-bogen.de\/?p=772","title":{"rendered":"lesung HOMECOMING ein heimatabend mit oliver berger &#038; stefan schwinghammer"},"content":{"rendered":"<h1><strong>\u201eHeimat ist da, wo man dich mag,<\/strong><strong>obwohl man dich kennt.\u201c<\/strong><\/h1>\n<h6><strong><\/strong>\u00a0 \u00a0 \u00a0 \u00a0 \u00a0 \u00a0 \u00a0 \u00a0 \u00a0 \u00a0 \u00a0 \u00a0 \u00a0 \u00a0 \u00a0 \u00a0 \u00a0 \u00a0 \u00a0 \u00a0 \u00a0 \u00a0 \u00a0 \u00a0 \u00a0 \u00a0 \u00a0 \u00a0 \u00a0 \u00a0 \u00a0 \u00a0 \u00a0 \u00a0 \u00a0 \u00a0 \u00a0 \u00a0 \u00a0 \u00a0 \u00a0 \u00a0 \u00a0 \u00a0 \u00a0 \u00a0 \u00a0 \u00a0 \u00a0 \u00a0 \u00a0 \u00a0 \u00a0 \u00a0 \u00a0 \u00a0 \u00a0 \u00a0 \u00a0 \u00a0 \u00a0 \u00a0 \u00a0 \u00a0 \u00a0 \u00a0 \u00a0 \u00a0 \u00a0 \u00a0 \u00a0 \u00a0 \u00a0 \u00a0 \u00a0 \u00a0 \u00a0 \u00a0 \u00a0 \u00a0 \u00a0 \u00a0 \u00a0 Stefan Schwinghammer<\/h6>\n<p><img decoding=\"async\" loading=\"lazy\" class=\"aligncenter size-large wp-image-789\" alt=\"HOMECOMING Oliver Berger Stefan Schwinghammer\" src=\"http:\/\/www.phantasiewerkstatt-bogen.de\/wp-content\/uploads\/2013\/09\/Heimatabend_Oliver-Berger-li-Stefan-Schwinghammer-re-_21-10-2012_3-785x432.jpg\" width=\"720\" height=\"396\" srcset=\"http:\/\/www.phantasiewerkstatt-bogen.de\/wp-content\/uploads\/2013\/09\/Heimatabend_Oliver-Berger-li-Stefan-Schwinghammer-re-_21-10-2012_3-785x432.jpg 785w, http:\/\/www.phantasiewerkstatt-bogen.de\/wp-content\/uploads\/2013\/09\/Heimatabend_Oliver-Berger-li-Stefan-Schwinghammer-re-_21-10-2012_3-300x165.jpg 300w, http:\/\/www.phantasiewerkstatt-bogen.de\/wp-content\/uploads\/2013\/09\/Heimatabend_Oliver-Berger-li-Stefan-Schwinghammer-re-_21-10-2012_3-210x115.jpg 210w\" sizes=\"(max-width: 720px) 100vw, 720px\" \/><\/p>\n<p>&nbsp;<\/p>\n<address>Wo es fr\u00fcher klare Grenzen gab \u2013 Heimat hier, Ferne<\/address>\n<address>sp\u00e4testens kurz hinterm Brenner \u2013 wandern wir heute<\/address>\n<address>durch Grauzonen. Globalisierung, Mobilisierung<br \/>\noder Technisierung schimpfen sich die ausgenudelten<br \/>\nSchlagw\u00f6rter unserer Zeit, die \u00fcber die Displays<br \/>\nportabler Ger\u00e4te flimmern. Die Welt hat sich f\u00fcr uns<br \/>\num ein Zigfaches verkleinert und ist f\u00fcr viele trotzdem<br \/>\nun\u00fcbersichtlicher denn je. Per Skype h\u00e4lt selbst Oma<br \/>\nganz einfach Kontakt mit dem globetrottenden Enkel,<br \/>\ndoch ohne Smartphone-Navi w\u00fcrden so manche nicht<br \/>\nmehr den B\u00e4cker im eben bezogenen Szenestadtteil<br \/>\nfinden.<\/address>\n<address>Was bedeutet da Heimat im Jetzt? Bei aller Flexibilit\u00e4t<br \/>\nger\u00e4t sie schnell zum abstrakten Gef\u00fchl irgendwo<br \/>\nzwischen Miles and More Lounges, St\u00e4dtereisen und<br \/>\nHome Office. Doch vielerorts haftet ihr immer noch<br \/>\nder s\u00e4mige Geruch von schwerem Braten an; wenn<br \/>\nvon ihr die Rede ist, zieht eichenbelaubter, deutscher<br \/>\nMischwald in h\u00fcgeligen Landschaften als Kulisse auf.<br \/>\nIn diesen und \u00e4hnlichen Bildern arbeiten sich die<br \/>\nStellwerck-Autoren Oliver Berger und\u00a0<\/address>\n<address>Stefan Schwinghammer\u00a0<em id=\"__mceDel\">an einer zeitgem\u00e4\u00dfen <\/em><\/address>\n<address><em id=\"__mceDel\"><em id=\"__mceDel\"><em id=\"__mceDel\"><em id=\"__mceDel\">Vorstellung von Heimat\u00a0<\/em><\/em><\/em><\/em><em id=\"__mceDel\"><em id=\"__mceDel\"><em id=\"__mceDel\"><em id=\"__mceDel\"><em id=\"__mceDel\">ab.<\/em><\/em><\/em><\/em><\/em><\/address>\n<address><em id=\"__mceDel\"><em id=\"__mceDel\"><em id=\"__mceDel\"><em id=\"__mceDel\"> Zusammen mit dem Publikum versuchen die beiden,<br \/>\nsich bis zum Ende des Abends im Abgleich mit<br \/>\ndem common sense an Wissensschatz und Gef\u00fchlsgut<br \/>\nauch \u00fcber ihr eigenes Verh\u00e4ltnis zum Thema mehr<br \/>\nKlarheit zu verschaffen \u2013 wobei sie ziemlich sicher<br \/>\nscheitern werden. Das literarische Ergebnis ihrer <\/em><\/em><\/em><\/em><\/address>\n<address><em id=\"__mceDel\"><em id=\"__mceDel\">Auseinandersetzung\u00a0bezeichnen die Autoren selbst als<br \/>\npostadoleszente Halbstarkenlyrik, ihr Verlag spricht<br \/>\nvon Alltagsleidpopprosa.<\/em><\/em><\/address>\n<address><em id=\"__mceDel\"><em id=\"__mceDel\"><em id=\"__mceDel\"><br \/>\nSehen Sie ihnen bei ihrer Heimat-Suche zu und genie\u00dfen<br \/>\nSie regionale Brauprodukte zu Ihrer Erbauung.<\/em><\/em><\/em><\/address>\n<address>\u00a0<\/address>\n<address><strong>\u00a0 \u00a0 \u00a0DATUM: \u00a0 29.09.2013 <\/strong><\/address>\n<address><strong>UHRZEIT: \u00a0 20:00<\/strong><\/address>\n<address><strong>\u00a0 \u00a0 \u00a0 \u00a0 \u00a0 ORT: \u00a0 PHANTASIEWERKSTATT BOGEN<\/strong><\/address>\n<address><strong>\u00a0 \u00a0 \u00a0PREIS: \u00a0 6 \u20ac \u00a0UNKOSTENBEITRAG<\/strong><\/address>\n<address>\u00a0<\/address>\n<address><em id=\"__mceDel\">Mit postadoleszenter Halbstarkenlyrik und Alltagsleidpopprosa\u00a0<\/em><\/address>\n<address><em id=\"__mceDel\"><\/em><em id=\"__mceDel\"><em id=\"__mceDel\">versuchen die beiden\u00a0<\/em><\/em><em id=\"__mceDel\"><em id=\"__mceDel\"><em id=\"__mceDel\">Gelegenheitsliteraten Oliver Berger und <\/em><\/em><\/em><\/address>\n<address><em id=\"__mceDel\"><em id=\"__mceDel\"><em id=\"__mceDel\">Stefan\u00a0<\/em><\/em><\/em><em id=\"__mceDel\"><em id=\"__mceDel\"><em id=\"__mceDel\"><em id=\"__mceDel\">Schwinghammer, in 90 Minuten eine zeitgem\u00e4\u00dfe<\/em><\/em><\/em><\/em><\/address>\n<address><em id=\"__mceDel\"><em id=\"__mceDel\"><em id=\"__mceDel\"><em id=\"__mceDel\">Idee von \u201eHeimat\u201c zu geben.<\/em><\/em><\/em><\/em><\/address>\n<address>\u00a0<\/address>\n<address>\u00a0<\/address>\n<address>\u00a0<\/address>\n<address><strong>DIE PERSONEN<\/strong><\/address>\n<address>\u00a0<\/address>\n<address><img decoding=\"async\" loading=\"lazy\" class=\"size-medium wp-image-809 alignleft\" alt=\"autor schwinghammer\" src=\"http:\/\/www.phantasiewerkstatt-bogen.de\/wp-content\/uploads\/2013\/09\/autor-schwinghammer-300x300.jpg\" width=\"300\" height=\"300\" srcset=\"http:\/\/www.phantasiewerkstatt-bogen.de\/wp-content\/uploads\/2013\/09\/autor-schwinghammer-300x300.jpg 300w, http:\/\/www.phantasiewerkstatt-bogen.de\/wp-content\/uploads\/2013\/09\/autor-schwinghammer-145x145.jpg 145w, http:\/\/www.phantasiewerkstatt-bogen.de\/wp-content\/uploads\/2013\/09\/autor-schwinghammer-785x785.jpg 785w, http:\/\/www.phantasiewerkstatt-bogen.de\/wp-content\/uploads\/2013\/09\/autor-schwinghammer-210x210.jpg 210w\" sizes=\"(max-width: 300px) 100vw, 300px\" \/><\/address>\n<address>\u00a0<\/address>\n<address><span style=\"color: #008000;\">Stefan Schwinghammer<\/span> wurde 1979<br \/>\ngeboren und ist in einem winzigen niederbayrischen<br \/>\nD\u00f6rfchen aufgewachsen. Vertr\u00f6delte seine Jugend mit<br \/>\nBl\u00f6dsinn und ging diesen Weg konsequent weiter.<\/address>\n<address><em id=\"__mceDel\">Studium\u00a0<\/em><em id=\"__mceDel\"><em id=\"__mceDel\">der Sozialp\u00e4dagogik in W\u00fcrzburg. Im Anschluss<\/em><\/em><\/address>\n<address><em id=\"__mceDel\"><em id=\"__mceDel\">Zweitstudium der Soziologie, Politik und Volkskunde.<br \/>\nWar drei stolze Ausgaben lang Herausgeber eines<\/em><\/em><\/address>\n<address><em id=\"__mceDel\"><em id=\"__mceDel\"><\/em><\/em><em id=\"__mceDel\"><em id=\"__mceDel\"><em id=\"__mceDel\">Underground-<\/em><\/em><\/em><em id=\"__mceDel\"><em id=\"__mceDel\"><em id=\"__mceDel\"><em id=\"__mceDel\">Lyrikmagazins und ver\u00f6ffentlichte Texte im<\/em><\/em><\/em><\/em><\/address>\n<address><em id=\"__mceDel\"><em id=\"__mceDel\"><em id=\"__mceDel\"><em id=\"__mceDel\">Stellwerck Verlag. Lebt mittlerweile in K\u00f6ln und hat den<br \/>\nganz gro\u00dfen beruflichen Durchbruch als Redakteur f\u00fcr<br \/>\nEuropas dienst\u00e4ltestes Skateboardmagazin geschafft,<br \/>\nw\u00e4hrend sein Privatleben aus einer Fernbeziehung in<br \/>\nHalle besteht. Nebenher versucht er immer noch erfolglos,<br \/>\nsich seinen Dialekt abzugew\u00f6hnen und U-Bahnen<br \/>\nsouver\u00e4n wie ein geb\u00fcrtiger Gro\u00dfst\u00e4dter zu benutzen.<\/em><\/em><\/em><\/em><\/address>\n<address>\u00a0<\/address>\n<address>\u00a0<\/address>\n<address>\u00a0<\/address>\n<address><a title=\"OLIVER BERGER INTERNETPR\u00c4SENZ\" href=\"http:\/\/www.oliverberger.eu\" target=\"_blank\"><img decoding=\"async\" loading=\"lazy\" class=\"alignleft size-medium wp-image-810\" alt=\"autor Berger\" src=\"http:\/\/www.phantasiewerkstatt-bogen.de\/wp-content\/uploads\/2013\/09\/autor-Berger-250x300.jpg\" width=\"250\" height=\"300\" srcset=\"http:\/\/www.phantasiewerkstatt-bogen.de\/wp-content\/uploads\/2013\/09\/autor-Berger-250x300.jpg 250w, http:\/\/www.phantasiewerkstatt-bogen.de\/wp-content\/uploads\/2013\/09\/autor-Berger-785x939.jpg 785w, http:\/\/www.phantasiewerkstatt-bogen.de\/wp-content\/uploads\/2013\/09\/autor-Berger-210x251.jpg 210w, http:\/\/www.phantasiewerkstatt-bogen.de\/wp-content\/uploads\/2013\/09\/autor-Berger.jpg 800w\" sizes=\"(max-width: 250px) 100vw, 250px\" \/><\/a><span style=\"color: #008000;\"><em>Oliver Berger <\/em><\/span>erblickte 1984 im S\u00fcden Portugals<br \/>\ndas Licht der Welt, um schlie\u00dflich doch in einem<br \/>\nAllg\u00e4uer St\u00e4dtchen aufzuwachsen. Von dort aus in die<br \/>\nFerne getrieben, landete er nach mehreren Zwischenschritten<br \/>\nin W\u00fcrzburg, wo er seit langem im Begriff ist,<br \/>\nsein Studium der Philosophie, P\u00e4dagogik und Literatur<br \/>\nabzuschlie\u00dfen. Ein einj\u00e4hriger Studienaufenthalt in Paris<br \/>\nlie\u00df ihn das Tempo drosseln und seither verbringt er<br \/>\nviel Zeit auf Slam- und Leseb\u00fchnen, schleicht als Fotograf<br \/>\nin Tradition der \u201estreet photography\u201c mit der Kamera<br \/>\nim Anschlag durch diverse Gro\u00dfst\u00e4dte Europas,<br \/>\norganisiert erste eigene Ausstellungen und bereichert<br \/>\ndas kulturelle Leben W\u00fcrzburgs mit der Wohnzimmerkonzertreihe<br \/>\n\u201eLiebe statt Luxus\u201c. Seit mehreren Jahren<br \/>\nleitet er als P\u00e4dagoge Seminare f\u00fcr Jugendliche an und<br \/>\nversucht, nun wenigstens auf diesem Weg einen einigerma\u00dfen<br \/>\nsinnvollen Beitrag zur Gesellschaft zu leisten.<\/address>\n<address>\u00a0<\/address>\n<address>\u00a0<\/address>\n<address><strong>DER VERLAG<\/strong><\/address>\n<address>\u00a0<\/address>\n<address><a title=\"STELLWERK VERLAG\" href=\"http:\/\/www.stellwerck.de\/\" target=\"_blank\"><img decoding=\"async\" loading=\"lazy\" class=\"size-medium wp-image-811 alignleft\" alt=\"sw_logo\" src=\"http:\/\/www.phantasiewerkstatt-bogen.de\/wp-content\/uploads\/2013\/09\/sw_logo-300x41.jpg\" width=\"300\" height=\"41\" srcset=\"http:\/\/www.phantasiewerkstatt-bogen.de\/wp-content\/uploads\/2013\/09\/sw_logo-300x41.jpg 300w, http:\/\/www.phantasiewerkstatt-bogen.de\/wp-content\/uploads\/2013\/09\/sw_logo-785x108.jpg 785w, http:\/\/www.phantasiewerkstatt-bogen.de\/wp-content\/uploads\/2013\/09\/sw_logo-210x28.jpg 210w\" sizes=\"(max-width: 300px) 100vw, 300px\" \/><\/a><\/address>\n<address>\u00a0<\/address>\n<address>\u00a0<\/address>\n<address>\u00a0<\/address>\n<address>\u00a0<\/address>\n<address>Mit Veranstaltungen und Buchpublikationen bietet<br \/>\nStellwerck speziell jungen AutorInnen die M\u00f6glichkeit,<br \/>\nihre Literatur einem breiten Publikum vorzustellen.<br \/>\nDie Buchreihe \u201eStellwerck Leseb\u00fccher\u201c zeigt,<br \/>\nwelche schriftstellerischen Sch\u00e4tze beim literarischen<br \/>\nNachwuchs zu finden sind. Oliver Berger und Stefan<br \/>\nSchwinghammer sind von Beginn an im Verlagsprogramm<br \/>\nund auf literarischen Veranstaltungen von<br \/>\nStellwerck in W\u00fcrzburg und anderswo vertreten.<\/address>\n<address>\u00a0<\/address>\n<address><a title=\"STELLWERK VERLAG\" href=\"http:\/\/www.stellwerck.de\/\">www.stellwerk.de<\/a><\/address>\n<address>\u00a0<\/address>\n<address><a title=\"HOMECOMING IN DER PHANTASIEWERKSTATT BOGEN\" href=\"https:\/\/www.facebook.com\/events\/690075864354706\/\" target=\"_blank\"><strong><span style=\"color: #0000ff;\">facebookevent<\/span><\/strong><\/a><\/address>\n<p>&nbsp;<\/p>\n","protected":false},"excerpt":{"rendered":"<p>\u201eHeimat ist da, wo man dich mag,obwohl man dich kennt.\u201c \u00a0 \u00a0 \u00a0 \u00a0 \u00a0 \u00a0 \u00a0 \u00a0 \u00a0 \u00a0 \u00a0 \u00a0 \u00a0 \u00a0 \u00a0 \u00a0 \u00a0 \u00a0 \u00a0 \u00a0 \u00a0 \u00a0 \u00a0 \u00a0 \u00a0 \u00a0 \u00a0 \u00a0 \u00a0 \u00a0<\/p>\n","protected":false},"author":1,"featured_media":816,"comment_status":"closed","ping_status":"open","sticky":false,"template":"","format":"standard","meta":[],"categories":[14],"tags":[],"_links":{"self":[{"href":"http:\/\/www.phantasiewerkstatt-bogen.de\/index.php?rest_route=\/wp\/v2\/posts\/772"}],"collection":[{"href":"http:\/\/www.phantasiewerkstatt-bogen.de\/index.php?rest_route=\/wp\/v2\/posts"}],"about":[{"href":"http:\/\/www.phantasiewerkstatt-bogen.de\/index.php?rest_route=\/wp\/v2\/types\/post"}],"author":[{"embeddable":true,"href":"http:\/\/www.phantasiewerkstatt-bogen.de\/index.php?rest_route=\/wp\/v2\/users\/1"}],"replies":[{"embeddable":true,"href":"http:\/\/www.phantasiewerkstatt-bogen.de\/index.php?rest_route=%2Fwp%2Fv2%2Fcomments&post=772"}],"version-history":[{"count":43,"href":"http:\/\/www.phantasiewerkstatt-bogen.de\/index.php?rest_route=\/wp\/v2\/posts\/772\/revisions"}],"predecessor-version":[{"id":818,"href":"http:\/\/www.phantasiewerkstatt-bogen.de\/index.php?rest_route=\/wp\/v2\/posts\/772\/revisions\/818"}],"wp:featuredmedia":[{"embeddable":true,"href":"http:\/\/www.phantasiewerkstatt-bogen.de\/index.php?rest_route=\/wp\/v2\/media\/816"}],"wp:attachment":[{"href":"http:\/\/www.phantasiewerkstatt-bogen.de\/index.php?rest_route=%2Fwp%2Fv2%2Fmedia&parent=772"}],"wp:term":[{"taxonomy":"category","embeddable":true,"href":"http:\/\/www.phantasiewerkstatt-bogen.de\/index.php?rest_route=%2Fwp%2Fv2%2Fcategories&post=772"},{"taxonomy":"post_tag","embeddable":true,"href":"http:\/\/www.phantasiewerkstatt-bogen.de\/index.php?rest_route=%2Fwp%2Fv2%2Ftags&post=772"}],"curies":[{"name":"wp","href":"https:\/\/api.w.org\/{rel}","templated":true}]}}