{"id":837,"date":"2013-10-11T18:30:55","date_gmt":"2013-10-11T16:30:55","guid":{"rendered":"http:\/\/www.phantasiewerkstatt-bogen.de\/?p=837"},"modified":"2013-10-11T18:34:59","modified_gmt":"2013-10-11T16:34:59","slug":"grueneisl","status":"publish","type":"post","link":"http:\/\/www.phantasiewerkstatt-bogen.de\/?p=837","title":{"rendered":"gerd gr\u00fcneisl Energieeffizienzpotentiale: &#8222;WAHLWEISE WALD&#8220;"},"content":{"rendered":"<h1>\u00a0Energieeffizienzpotentiale :\u00a0\u201eWAHLWEISE Wald\u201c<\/h1>\n<h2>\u00a0Malerei in \u00d6l und Dispersion<\/h2>\n<p><span style=\"color: #800000;\">Vernissage 1.11.2013 \u00a0 \u00a0 19:00 Uhr<\/span><\/p>\n<p><img decoding=\"async\" loading=\"lazy\" class=\"alignleft size-large wp-image-839\" alt=\"malerei gerd gr\u00fcneisl\" src=\"http:\/\/www.phantasiewerkstatt-bogen.de\/wp-content\/uploads\/2013\/10\/bb12-001-785x523.jpg\" width=\"720\" height=\"479\" srcset=\"http:\/\/www.phantasiewerkstatt-bogen.de\/wp-content\/uploads\/2013\/10\/bb12-001-785x523.jpg 785w, http:\/\/www.phantasiewerkstatt-bogen.de\/wp-content\/uploads\/2013\/10\/bb12-001-300x200.jpg 300w, http:\/\/www.phantasiewerkstatt-bogen.de\/wp-content\/uploads\/2013\/10\/bb12-001-210x140.jpg 210w\" sizes=\"(max-width: 720px) 100vw, 720px\" \/><\/p>\n<p>Sonne, Wasser, Wind &amp; Holz waren \u00fcber Jahrhunderte selbstverst\u00e4ndliche Energiespender und werden neuerdings von den einen aus \u00f6kologischen oder \u00f6konomischen Gr\u00fcnden wieder als solche neu entdeckt und in Anspruch genommen, von den anderen mit \u00e4sthetischen wie naturbewahrenden und ebenso umwelt\u00f6kologischen Argumenten eher widerstrebend bis besorgt kommentiert.<\/p>\n<p>Unendlich wogende Maisfelder, auf grasgr\u00fcnen H\u00fcgellandschaften aufragende Windr\u00e4der \u00a0oder solarzellenbedeckte Dach- wie Wiesenfl\u00e4chen st\u00f6ren den romantischen Blick auf die heimatlichen Fluren. Was bleibt dem Maler als f\u00fcr sich und nachkommende Generationen die Erinnerung zu konservieren wie es einmal war und nicht mehr sein kann\u2026<\/p>\n<p>&nbsp;<\/p>\n<p>Gerd Gr\u00fcneisl, geb. 26.7.44 in Geratsberg, Studium an den Akademien in M\u00fcnchen, Paris und Venedig, Atelier in Thalberg im Unteren Bayrischen Wald, arbeitet als Kulturp\u00e4dagoge in M\u00fcnchen<\/p>\n","protected":false},"excerpt":{"rendered":"<p>\u00a0Energieeffizienzpotentiale :\u00a0\u201eWAHLWEISE Wald\u201c \u00a0Malerei in \u00d6l und Dispersion Vernissage 1.11.2013 \u00a0 \u00a0 19:00 Uhr Sonne, Wasser, Wind &amp; Holz waren \u00fcber Jahrhunderte selbstverst\u00e4ndliche Energiespender und werden neuerdings von den einen aus \u00f6kologischen oder \u00f6konomischen Gr\u00fcnden wieder als solche neu entdeckt<\/p>\n","protected":false},"author":1,"featured_media":838,"comment_status":"closed","ping_status":"open","sticky":false,"template":"","format":"standard","meta":[],"categories":[14],"tags":[],"_links":{"self":[{"href":"http:\/\/www.phantasiewerkstatt-bogen.de\/index.php?rest_route=\/wp\/v2\/posts\/837"}],"collection":[{"href":"http:\/\/www.phantasiewerkstatt-bogen.de\/index.php?rest_route=\/wp\/v2\/posts"}],"about":[{"href":"http:\/\/www.phantasiewerkstatt-bogen.de\/index.php?rest_route=\/wp\/v2\/types\/post"}],"author":[{"embeddable":true,"href":"http:\/\/www.phantasiewerkstatt-bogen.de\/index.php?rest_route=\/wp\/v2\/users\/1"}],"replies":[{"embeddable":true,"href":"http:\/\/www.phantasiewerkstatt-bogen.de\/index.php?rest_route=%2Fwp%2Fv2%2Fcomments&post=837"}],"version-history":[{"count":3,"href":"http:\/\/www.phantasiewerkstatt-bogen.de\/index.php?rest_route=\/wp\/v2\/posts\/837\/revisions"}],"predecessor-version":[{"id":842,"href":"http:\/\/www.phantasiewerkstatt-bogen.de\/index.php?rest_route=\/wp\/v2\/posts\/837\/revisions\/842"}],"wp:featuredmedia":[{"embeddable":true,"href":"http:\/\/www.phantasiewerkstatt-bogen.de\/index.php?rest_route=\/wp\/v2\/media\/838"}],"wp:attachment":[{"href":"http:\/\/www.phantasiewerkstatt-bogen.de\/index.php?rest_route=%2Fwp%2Fv2%2Fmedia&parent=837"}],"wp:term":[{"taxonomy":"category","embeddable":true,"href":"http:\/\/www.phantasiewerkstatt-bogen.de\/index.php?rest_route=%2Fwp%2Fv2%2Fcategories&post=837"},{"taxonomy":"post_tag","embeddable":true,"href":"http:\/\/www.phantasiewerkstatt-bogen.de\/index.php?rest_route=%2Fwp%2Fv2%2Ftags&post=837"}],"curies":[{"name":"wp","href":"https:\/\/api.w.org\/{rel}","templated":true}]}}