{"id":90,"date":"2012-08-03T17:19:07","date_gmt":"2012-08-03T15:19:07","guid":{"rendered":"http:\/\/www.phantasiewerkstatt-bogen.de\/?p=90"},"modified":"2012-08-29T17:12:50","modified_gmt":"2012-08-29T15:12:50","slug":"7-saulen-fur-die-tiere","status":"publish","type":"post","link":"http:\/\/www.phantasiewerkstatt-bogen.de\/?p=90","title":{"rendered":"7 S\u00c4ULEN F\u00dcR DIE TIERE"},"content":{"rendered":"<p><img decoding=\"async\" loading=\"lazy\" class=\"alignright size-medium wp-image-248\" title=\"DSC00876\" src=\"http:\/\/www.phantasiewerkstatt-bogen.de\/wp-content\/uploads\/2012\/08\/DSC00876-300x169.jpg\" alt=\"\" width=\"300\" height=\"169\" srcset=\"http:\/\/www.phantasiewerkstatt-bogen.de\/wp-content\/uploads\/2012\/08\/DSC00876-300x169.jpg 300w, http:\/\/www.phantasiewerkstatt-bogen.de\/wp-content\/uploads\/2012\/08\/DSC00876-785x442.jpg 785w, http:\/\/www.phantasiewerkstatt-bogen.de\/wp-content\/uploads\/2012\/08\/DSC00876-210x118.jpg 210w\" sizes=\"(max-width: 300px) 100vw, 300px\" \/><div id='gallery-1' class='gallery galleryid-90 gallery-columns-3 gallery-size-thumbnail'><dl class='gallery-item'>\n\t\t\t<dt class='gallery-icon landscape'>\n\t\t\t\t<a href='http:\/\/www.phantasiewerkstatt-bogen.de\/?attachment_id=197'><img width=\"145\" height=\"145\" src=\"http:\/\/www.phantasiewerkstatt-bogen.de\/wp-content\/uploads\/2012\/08\/DSC00875-145x145.jpg\" class=\"attachment-thumbnail size-thumbnail\" alt=\"\" decoding=\"async\" loading=\"lazy\" \/><\/a>\n\t\t\t<\/dt><\/dl><dl class='gallery-item'>\n\t\t\t<dt class='gallery-icon landscape'>\n\t\t\t\t<a href='http:\/\/www.phantasiewerkstatt-bogen.de\/?attachment_id=201'><img width=\"145\" height=\"145\" src=\"http:\/\/www.phantasiewerkstatt-bogen.de\/wp-content\/uploads\/2012\/08\/R0012503-145x145.jpg\" class=\"attachment-thumbnail size-thumbnail\" alt=\"\" decoding=\"async\" loading=\"lazy\" srcset=\"http:\/\/www.phantasiewerkstatt-bogen.de\/wp-content\/uploads\/2012\/08\/R0012503-145x145.jpg 145w, http:\/\/www.phantasiewerkstatt-bogen.de\/wp-content\/uploads\/2012\/08\/R0012503-300x300.jpg 300w, http:\/\/www.phantasiewerkstatt-bogen.de\/wp-content\/uploads\/2012\/08\/R0012503-785x785.jpg 785w, http:\/\/www.phantasiewerkstatt-bogen.de\/wp-content\/uploads\/2012\/08\/R0012503-210x210.jpg 210w\" sizes=\"(max-width: 145px) 100vw, 145px\" \/><\/a>\n\t\t\t<\/dt><\/dl><dl class='gallery-item'>\n\t\t\t<dt class='gallery-icon landscape'>\n\t\t\t\t<a href='http:\/\/www.phantasiewerkstatt-bogen.de\/?attachment_id=248'><img width=\"145\" height=\"145\" src=\"http:\/\/www.phantasiewerkstatt-bogen.de\/wp-content\/uploads\/2012\/08\/DSC00876-145x145.jpg\" class=\"attachment-thumbnail size-thumbnail\" alt=\"\" decoding=\"async\" loading=\"lazy\" \/><\/a>\n\t\t\t<\/dt><\/dl><br style=\"clear: both\" \/>\n\t\t<\/div>\n<\/p>\n<p>Projekttage im Zeichen der bedrohten Tiere \u2013 Malen mit Quark und Curry<\/p>\n<p><strong>(ph)<\/strong><strong>Die Grundschule Ascha verwandelte sich in der vergangenen Woche in eine Kreativwerkstatt. Unter der Leitung von Georg Fuchssteiner und Peter Herr von der Phantasiewerkstatt Bogen stand f\u00fcr jede Klasse jeweils ein Schulvormittag praktischen Kunstschaffens auf dem Stundenplan. Das Projekt wurde bereits 2009 von Dazi Tyroller und der Rektorin Petra Buchner im Rahmen der Aktion \u201eUmweltschule &#8211; Europa\u201c \u00a0initiiert und von der Sparkasse Straubing finanziell unterst\u00fctzt. An diesem Montag kam es zu seiner farbenpr\u00e4chtigen Fertigstellung.<\/strong><\/p>\n<p>Laubfrosch, Luchs,\u00a0 Flussperlmuschel,\u00a0 Mooshummel, S\u00e4belameise, Breitrandk\u00e4fer, St\u00f6r, Blindschleiche, Zauneidechse, Donau-Brunnenschnecke, Steinkauz\u2026 Die Liste der gef\u00e4hrdeten oder bald ausgestorbenen Tiere ist allein im Einzugsgebiet des bayerischen Waldes und der regionalen Donau lang und deprimierend. Dies l\u00f6ste den Impuls der Schulleitung aus, auf sch\u00f6pferische Weise die Kinder ein Denkmal f\u00fcr die Lebewesen in ihrer n\u00e4heren Umwelt erstellen zu lassen.<\/p>\n<p><strong>Ein anregender Schultag voller Kreativit\u00e4t und Freude<\/strong><\/p>\n<p>Stillsitzen, Ruhigsein, und Notendruck sind Alltag f\u00fcr jeden Sch\u00fcler, nicht so an den Projekttagen mit der Bogener Phantasiewerkstatt . \u00a0Ohne Druck, Kritik und Benotung wurden die Kinder\u00a0 unter Bereitstellung\u00a0 geeigneter Materialien und Techniken\u00a0 vom leeren Holzbrett zum fertigen Kunstwerk begleitet.\u00a0 Im Vorgespr\u00e4ch wurden die Kinder befragt welche Tiere sie in ihrer Umgebung kennen , wo sie leben und wodurch sie bedroht sind, daraufhin wurden Entw\u00fcrfe f\u00fcr die Lebensbereiche Wasser, Erde, Wald, Wiese und Luft erstellt, die als Vorlage\u00a0 f\u00fcr das gro\u00dfe\u00a0 Gemeinschaftsbild dienten.<\/p>\n<p><strong>Passend zur Umweltschule : Naturfarben<\/strong><\/p>\n<p>Farbe aus Quark und Curry?\u00a0 So recht wollten das die Kinder nicht glauben, wurden aber eines besseren belehrt als sie selbst aus Quark und gel\u00f6schtem Marmorkalk Kaseinleim anr\u00fchren durften.\u00a0 Das nat\u00fcrliche Bindemittel wurde teilweise mit Gew\u00fcrzen wie Curry, Paprika, Nelken und Farbpigmenten zu einer wetterfesten Malfarbe weiterverarbeitet, sie l\u00e4sst sich gleichm\u00e4\u00dfig auftragen und die Naturt\u00f6ne ergeben eine Farbharmonie. Kasein leitet sich vom lateinischen Caseus dem K\u00e4se ab und war schon den \u00c4gyptern und R\u00f6mern bekannt. Bei uns kennt man es am ehesten als Farbe auf alten Bauernschr\u00e4nken.<\/p>\n<p><strong>Kinderkunstwerk f\u00fcr den Schulgarten<\/strong><\/p>\n<p>Anfangs noch mit Vorsicht im Laufe des Vormittags mit Mut und Elan arbeiteten alle 96 Kinder selbstvergessen und begeistern mit Pinsel und Farbe\u00a0 an ihren einzelnen Bildern. In Zwischengespr\u00e4chen wurden die Werke und ihr Werdegang \u00a0besprochen und jedes Kind konnte seine Gedanken dazu einbringen und Ratschl\u00e4ge geben. \u00a0Aus 31 Brettern zu je einer L\u00e4nge von 1,70 Meter wurden sp\u00e4ter 7 vier- und f\u00fcnfeckige S\u00e4ulen erstellt die auf Eisenstangen gesteckt wurden, aufgestellt mit freundlicher Hilfe des hiesigen Bauhofes . Da die 7 S\u00e4ulen, \u00e4hnlich Gebetsm\u00fchlen, drehbar gelagert sind ergeben sie spielerisch ein sich immer wandelndes Gesamtkunstwerk mit nahezu endlosen Kombinationen.\u00a0 Da auch von der Ortsstra\u00dfe gut sichtbar, wird es in Zukunft nicht nur die Bewunderung der Kinder auf sich ziehen sondern auch die Aufmerksamkeit der Passanten erwecken.<\/p>\n<p><a href=\"http:\/\/www.ascha.de\/schule\/index.php\">http:\/\/www.ascha.de\/schule\/index.php<\/a><\/p>\n","protected":false},"excerpt":{"rendered":"<p>Projekttage im Zeichen der bedrohten Tiere \u2013 Malen mit Quark und Curry (ph)Die Grundschule Ascha verwandelte sich in der vergangenen Woche in eine Kreativwerkstatt. Unter der Leitung von Georg Fuchssteiner und Peter Herr von der Phantasiewerkstatt Bogen stand f\u00fcr jede<\/p>\n","protected":false},"author":1,"featured_media":197,"comment_status":"closed","ping_status":"open","sticky":false,"template":"","format":"standard","meta":[],"categories":[16],"tags":[],"_links":{"self":[{"href":"http:\/\/www.phantasiewerkstatt-bogen.de\/index.php?rest_route=\/wp\/v2\/posts\/90"}],"collection":[{"href":"http:\/\/www.phantasiewerkstatt-bogen.de\/index.php?rest_route=\/wp\/v2\/posts"}],"about":[{"href":"http:\/\/www.phantasiewerkstatt-bogen.de\/index.php?rest_route=\/wp\/v2\/types\/post"}],"author":[{"embeddable":true,"href":"http:\/\/www.phantasiewerkstatt-bogen.de\/index.php?rest_route=\/wp\/v2\/users\/1"}],"replies":[{"embeddable":true,"href":"http:\/\/www.phantasiewerkstatt-bogen.de\/index.php?rest_route=%2Fwp%2Fv2%2Fcomments&post=90"}],"version-history":[{"count":9,"href":"http:\/\/www.phantasiewerkstatt-bogen.de\/index.php?rest_route=\/wp\/v2\/posts\/90\/revisions"}],"predecessor-version":[{"id":249,"href":"http:\/\/www.phantasiewerkstatt-bogen.de\/index.php?rest_route=\/wp\/v2\/posts\/90\/revisions\/249"}],"wp:featuredmedia":[{"embeddable":true,"href":"http:\/\/www.phantasiewerkstatt-bogen.de\/index.php?rest_route=\/wp\/v2\/media\/197"}],"wp:attachment":[{"href":"http:\/\/www.phantasiewerkstatt-bogen.de\/index.php?rest_route=%2Fwp%2Fv2%2Fmedia&parent=90"}],"wp:term":[{"taxonomy":"category","embeddable":true,"href":"http:\/\/www.phantasiewerkstatt-bogen.de\/index.php?rest_route=%2Fwp%2Fv2%2Fcategories&post=90"},{"taxonomy":"post_tag","embeddable":true,"href":"http:\/\/www.phantasiewerkstatt-bogen.de\/index.php?rest_route=%2Fwp%2Fv2%2Ftags&post=90"}],"curies":[{"name":"wp","href":"https:\/\/api.w.org\/{rel}","templated":true}]}}