{"id":965,"date":"2014-02-15T14:40:44","date_gmt":"2014-02-15T13:40:44","guid":{"rendered":"http:\/\/www.phantasiewerkstatt-bogen.de\/?p=965"},"modified":"2014-02-15T14:41:35","modified_gmt":"2014-02-15T13:41:35","slug":"vernissage-theo-hofmann-show-off","status":"publish","type":"post","link":"http:\/\/www.phantasiewerkstatt-bogen.de\/?p=965","title":{"rendered":"VERNISSAGE theo hofmann &#8222;SHOW OFF&#8220;"},"content":{"rendered":"<h2><span style=\"color: #ff0000;\">\u201c&#8230;the show must go on&#8230;\u201d<\/span><\/h2>\n<p>Seit seinem Staatsexamens-Abschluss 2012 an der Akademie der<br \/>\nBildenden K\u00fcnste M\u00fcnchen lebt und arbeitet Theo Hofmann in M\u00fcnchen.<br \/>\nDer geb\u00fcrtige Niederbayer aus dem bayerischen Wald ist freischaffender<br \/>\nK\u00fcnstler.<\/p>\n<p><img decoding=\"async\" loading=\"lazy\" class=\"alignright size-medium wp-image-968\" alt=\"theodore hofmann in der galerie goldnu\u00df\" src=\"http:\/\/www.phantasiewerkstatt-bogen.de\/wp-content\/uploads\/2014\/02\/Flyer-Vorderseite-300x206.jpg\" width=\"300\" height=\"206\" srcset=\"http:\/\/www.phantasiewerkstatt-bogen.de\/wp-content\/uploads\/2014\/02\/Flyer-Vorderseite-300x206.jpg 300w, http:\/\/www.phantasiewerkstatt-bogen.de\/wp-content\/uploads\/2014\/02\/Flyer-Vorderseite-785x539.jpg 785w, http:\/\/www.phantasiewerkstatt-bogen.de\/wp-content\/uploads\/2014\/02\/Flyer-Vorderseite-210x144.jpg 210w, http:\/\/www.phantasiewerkstatt-bogen.de\/wp-content\/uploads\/2014\/02\/Flyer-Vorderseite.jpg 1890w\" sizes=\"(max-width: 300px) 100vw, 300px\" \/><\/p>\n<p>Anfang M\u00e4rz 2014 ist Theo Hofmann mit einer Einzelausstellung in der<br \/>\nGalerie Goldnuss in Bogen zu Gast.<br \/>\nTheo Hofmann`s k\u00fcnstlerisches Arbeitsfeld ist sehr vielschichtig.<br \/>\nNeben Installation, Bildhauerei und Zeichnung begleitete immer auch die<br \/>\nMusik seinen bisherigen Werdegang.<br \/>\nIn seiner kommenden Ausstellung \u201cShow Off\u201d wird sich Theo Hofmann<br \/>\ndem Thema K\u00f6rper \/ Zeichnung n\u00e4hern.<br \/>\nMit Skizzen, Materialerkundungen und Rauminstallationen wird der K\u00f6rper<br \/>\nund dessen kulturelle Einschreibung untersucht. Ausgehend von der<br \/>\nZeichnung taucht der K\u00f6rper im Spannungsfeld von Tattowierungen,<br \/>\nskulpturalen Versatzst\u00fccken und Aktionskunst auf.<\/p>\n<p>Die Vernissage am 07.03.2014 wird ab 19:00 Uhr in Anwesenheit des<br \/>\nK\u00fcnstlers musikalisch untermalt.<\/p>\n","protected":false},"excerpt":{"rendered":"<p>\u201c&#8230;the show must go on&#8230;\u201d Seit seinem Staatsexamens-Abschluss 2012 an der Akademie der Bildenden K\u00fcnste M\u00fcnchen lebt und arbeitet Theo Hofmann in M\u00fcnchen. Der geb\u00fcrtige Niederbayer aus dem bayerischen Wald ist freischaffender K\u00fcnstler. Anfang M\u00e4rz 2014 ist Theo Hofmann mit<\/p>\n","protected":false},"author":1,"featured_media":968,"comment_status":"closed","ping_status":"open","sticky":false,"template":"","format":"standard","meta":[],"categories":[14],"tags":[62,64,63],"_links":{"self":[{"href":"http:\/\/www.phantasiewerkstatt-bogen.de\/index.php?rest_route=\/wp\/v2\/posts\/965"}],"collection":[{"href":"http:\/\/www.phantasiewerkstatt-bogen.de\/index.php?rest_route=\/wp\/v2\/posts"}],"about":[{"href":"http:\/\/www.phantasiewerkstatt-bogen.de\/index.php?rest_route=\/wp\/v2\/types\/post"}],"author":[{"embeddable":true,"href":"http:\/\/www.phantasiewerkstatt-bogen.de\/index.php?rest_route=\/wp\/v2\/users\/1"}],"replies":[{"embeddable":true,"href":"http:\/\/www.phantasiewerkstatt-bogen.de\/index.php?rest_route=%2Fwp%2Fv2%2Fcomments&post=965"}],"version-history":[{"count":6,"href":"http:\/\/www.phantasiewerkstatt-bogen.de\/index.php?rest_route=\/wp\/v2\/posts\/965\/revisions"}],"predecessor-version":[{"id":972,"href":"http:\/\/www.phantasiewerkstatt-bogen.de\/index.php?rest_route=\/wp\/v2\/posts\/965\/revisions\/972"}],"wp:featuredmedia":[{"embeddable":true,"href":"http:\/\/www.phantasiewerkstatt-bogen.de\/index.php?rest_route=\/wp\/v2\/media\/968"}],"wp:attachment":[{"href":"http:\/\/www.phantasiewerkstatt-bogen.de\/index.php?rest_route=%2Fwp%2Fv2%2Fmedia&parent=965"}],"wp:term":[{"taxonomy":"category","embeddable":true,"href":"http:\/\/www.phantasiewerkstatt-bogen.de\/index.php?rest_route=%2Fwp%2Fv2%2Fcategories&post=965"},{"taxonomy":"post_tag","embeddable":true,"href":"http:\/\/www.phantasiewerkstatt-bogen.de\/index.php?rest_route=%2Fwp%2Fv2%2Ftags&post=965"}],"curies":[{"name":"wp","href":"https:\/\/api.w.org\/{rel}","templated":true}]}}